{"id":113515,"date":"2025-03-24T17:13:43","date_gmt":"2025-03-24T17:13:43","guid":{"rendered":"https:\/\/tvbrazilusa.com\/2025\/03\/24\/agora-nunes-marques-pede-vista-em-julgamento-de-zambelli\/"},"modified":"2025-03-24T17:13:44","modified_gmt":"2025-03-24T17:13:44","slug":"agora-nunes-marques-pede-vista-em-julgamento-de-zambelli","status":"publish","type":"post","link":"https:\/\/tvbrazilusa.com\/pt\/2025\/03\/24\/agora-nunes-marques-pede-vista-em-julgamento-de-zambelli\/","title":{"rendered":"AGORA: Nunes Marques pede vista em julgamento de Zambelli"},"content":{"rendered":"<p> <script async src=\"https:\/\/pagead2.googlesyndication.com\/pagead\/js\/adsbygoogle.js?client=ca-pub-8864793242727901\"\r\n     crossorigin=\"anonymous\"><\/script><br \/>\n<\/p>\n<div id=\"taboola-read-more\" style=\"display:block; width:100%\">\n<p>O ministro Nunes Marques, do Supremo Tribunal Federal (STF), pediu vista (mais tempo para an\u00e1lise) na processo que julga a condena\u00e7\u00e3o da deputada federal Carla Zambelli (PL-SP), pelos crimes de porte ilegal de arma de fogo e constrangimento ilegal com emprego de arma de fogo.\n<\/p>\n<p>Nunes Marques n\u00e3o anexou nenhuma an\u00e1lise ou manifesta\u00e7\u00e3o no pedido, apenas seu pedido de vista. Dessa forma, o processo est\u00e1 paralisado e dever\u00e1 ser pautado novamente ap\u00f3s ao menos um m\u00eas.<\/p>\n<p>O julgamento se iniciou na sexta-feira (21) no plen\u00e1rio virtual da Corte e vai at\u00e9 a pr\u00f3xima sexta-feira (28). O processo estava em 4 a 0 para condenar Zambelli pelos crimes. No formato n\u00e3o h\u00e1 discuss\u00e3o, apenas apresenta\u00e7\u00e3o de votos no sistema eletr\u00f4nico do Supremo.\n<\/p>\n<p>Em agosto de 2023, o STF tornou r\u00e9 a deputada por ter perseguido, de arma em punho, um homem negro, considerado apoiador do presidente Luiz In\u00e1cio Lula da Silva (PT). O caso aconteceu em outubro na v\u00e9spera do segundo turno das elei\u00e7\u00f5es de 2022, pelas ruas dos Jardins, bairro nobre de S\u00e3o Paulo.\n<\/p>\n<p>Relator do processo, o ministro Gilmar Mendes votou pela condena\u00e7\u00e3o da deputada a cinco anos e tr\u00eas meses de pris\u00e3o. O decano do Supremo foi acompanhado pelos ministros C\u00e1rmen L\u00facia, Alexandre de Moraes e Fl\u00e1vio Dino.\n<\/p>\n<p>Mendes tamb\u00e9m defendeu a perda do mandato parlamentar da deputada, uma vez que a condena\u00e7\u00e3o transite em julgado, ou seja, n\u00e3o caiba mais recurso.\n<\/p>\n<p>\u201cPortanto, em aten\u00e7\u00e3o \u00e0 jurisprud\u00eancia desta Corte, decreto a perda do mandato parlamentar da Deputada Federal Carla Zambelli como efeito da condena\u00e7\u00e3o criminal\u201d, afirma o voto do relator.\n<\/p>\n<p>Em seu voto, o ministro tamb\u00e9m determinou que Zambelli perca definitivamente o direito ao porte de arma de fogo e que a arma utilizada no epis\u00f3dio seja entregue ao Comando do Ex\u00e9rcito.\n<\/p>\n<p>Essa etapa do julgamento decide se Zambelli ser\u00e1 condenada ou absolvida. Em caso de condena\u00e7\u00e3o, os ministros prop\u00f5em uma pena, que pode ser questionada em recurso pela parlamentar. Se for absolvida, o caso ser\u00e1 arquivado.\n<\/p>\n<p>Em nota, a deputada afirmou que tem confian\u00e7a na Justi\u00e7a. \u201cAcredito que, com o esclarecimento completo dos fatos, minha inoc\u00eancia ser\u00e1 comprovada\u201d, declarou.\n<\/p>\n<p>O advogado de Carla Zambelli criticou a forma como foi feita a sustenta\u00e7\u00e3o da defesa no julgamento. Como o processo ocorre no plen\u00e1rio virtual, os advogados precisam enviar suas manifesta\u00e7\u00f5es orais por meio de v\u00eddeos.\n<\/p>\n<p>\u201cEssa seria a melhor oportunidade para demonstrar que as premissas adotadas no voto est\u00e3o equivocadas. Esse direito do advogado n\u00e3o pode ser substitu\u00eddo por um v\u00eddeo enviado, cuja visualiza\u00e7\u00e3o efetiva pelos ministros n\u00e3o \u00e9 garantida\u201d, afirmou o advogado em nota.<\/p>\n<p>Fonte: CNN Brasil              <\/p>\n<\/div>\n<p><br \/>\n<br \/><a href=\"https:\/\/diariodobrasilnoticias.com.br\/noticia\/agora-nunes-marques-pede-vista-em-julgamento-de-zambelli-67e17030bf6d7\">Source link <\/a><\/p>","protected":false},"excerpt":{"rendered":"<p>O ministro Nunes Marques, do Supremo Tribunal Federal (STF), pediu vista (mais tempo para an\u00e1lise) na processo que julga a condena\u00e7\u00e3o da deputada federal Carla Zambelli (PL-SP), pelos crimes de&hellip;<\/p>","protected":false},"author":1,"featured_media":113516,"comment_status":"closed","ping_status":"open","sticky":false,"template":"","format":"standard","meta":{"content-type":"","footnotes":""},"categories":[16],"tags":[123,2448,5313,1267],"class_list":["post-113515","post","type-post","status-publish","format-standard","has-post-thumbnail","hentry","category-noticias","tag-brasil","tag-diario","tag-noticia","tag-noticias"],"_links":{"self":[{"href":"https:\/\/tvbrazilusa.com\/pt\/wp-json\/wp\/v2\/posts\/113515","targetHints":{"allow":["GET"]}}],"collection":[{"href":"https:\/\/tvbrazilusa.com\/pt\/wp-json\/wp\/v2\/posts"}],"about":[{"href":"https:\/\/tvbrazilusa.com\/pt\/wp-json\/wp\/v2\/types\/post"}],"author":[{"embeddable":true,"href":"https:\/\/tvbrazilusa.com\/pt\/wp-json\/wp\/v2\/users\/1"}],"replies":[{"embeddable":true,"href":"https:\/\/tvbrazilusa.com\/pt\/wp-json\/wp\/v2\/comments?post=113515"}],"version-history":[{"count":1,"href":"https:\/\/tvbrazilusa.com\/pt\/wp-json\/wp\/v2\/posts\/113515\/revisions"}],"predecessor-version":[{"id":113517,"href":"https:\/\/tvbrazilusa.com\/pt\/wp-json\/wp\/v2\/posts\/113515\/revisions\/113517"}],"wp:featuredmedia":[{"embeddable":true,"href":"https:\/\/tvbrazilusa.com\/pt\/wp-json\/wp\/v2\/media\/113516"}],"wp:attachment":[{"href":"https:\/\/tvbrazilusa.com\/pt\/wp-json\/wp\/v2\/media?parent=113515"}],"wp:term":[{"taxonomy":"category","embeddable":true,"href":"https:\/\/tvbrazilusa.com\/pt\/wp-json\/wp\/v2\/categories?post=113515"},{"taxonomy":"post_tag","embeddable":true,"href":"https:\/\/tvbrazilusa.com\/pt\/wp-json\/wp\/v2\/tags?post=113515"}],"curies":[{"name":"wp","href":"https:\/\/api.w.org\/{rel}","templated":true}]}}