{"id":113521,"date":"2025-03-24T17:28:02","date_gmt":"2025-03-24T17:28:02","guid":{"rendered":"https:\/\/tvbrazilusa.com\/2025\/03\/24\/urgente-fux-pede-vista-em-julgamento-de-mulher-que-pichou-estatua-do-stf\/"},"modified":"2025-03-24T17:28:04","modified_gmt":"2025-03-24T17:28:04","slug":"urgente-fux-pede-vista-em-julgamento-de-mulher-que-pichou-estatua-do-stf","status":"publish","type":"post","link":"https:\/\/tvbrazilusa.com\/pt\/2025\/03\/24\/urgente-fux-pede-vista-em-julgamento-de-mulher-que-pichou-estatua-do-stf\/","title":{"rendered":"URGENTE: Fux pede vista em julgamento de mulher que pichou est\u00e1tua do STF"},"content":{"rendered":"<p> <script async src=\"https:\/\/pagead2.googlesyndication.com\/pagead\/js\/adsbygoogle.js?client=ca-pub-8864793242727901\"\r\n     crossorigin=\"anonymous\"><\/script><br \/>\n<\/p>\n<div id=\"taboola-read-more\" style=\"display:block; width:100%\">\n<p>O ministro Luiz Fux, do Supremo Tribunal Federal (STF), pediu vista, ou seja, mais tempo para analisar um caso, no julgamento sobre a condena\u00e7\u00e3o de D\u00e9bora Rodrigues dos Santos, por sua participa\u00e7\u00e3o nos atos de 8 de janeiro de 2023. Ela \u00e9 acusada de pichar \u201cPerdeu, man\u00e9\u201d na est\u00e1tua \u201cA Justi\u00e7a\u201d, localizada em frente ao pr\u00e9dio do STF.\n<\/p>\n<p>O julgamento havia come\u00e7ado na \u00faltima sexta-feira (21), no plen\u00e1rio virtual da Primeira Turma da Corte, e tinha at\u00e9 a pr\u00f3xima sexta (28) para ser apreciado pelos ministros que comp\u00f5em o colegiado. No ambiente virtual, n\u00e3o h\u00e1 discuss\u00e3o, apenas apresenta\u00e7\u00e3o de votos no sistema eletr\u00f4nico do Supremo.<\/p>\n<p>A CNN apurou que o caso deve ser retomado apenas no segundo semestre deste ano. Quando isso ocorrer, al\u00e9m de Fux, faltar\u00e3o os votos de Cristiano Zanin e C\u00e1rmen L\u00facia.\n<\/p>\n<p>Relator do caso, o ministro Alexandre de Moraes votou a favor da pris\u00e3o de D\u00e9bora por 14 anos. Al\u00e9m disso, prop\u00f4s que ela pague uma multa no valor aproximado de R$ 50 mil.\n<\/p>\n<p>O ministro ainda sugeriu a aplica\u00e7\u00e3o de uma segunda multa, no valor de R$ 30 milh\u00f5es, a ser paga por todos os demais condenados por envolvimento nos atos de 8 de janeiro, por danos morais coletivos.\n<\/p>\n<p>\u201cConforme vasta fundamenta\u00e7\u00e3o previamente exposta, a r\u00e9 dolosamente aderiu a prop\u00f3sitos criminosos direcionados a uma tentativa de ruptura institucional, que acarretaria a aboli\u00e7\u00e3o do Estado Democr\u00e1tico de Direito e a deposi\u00e7\u00e3o do governo legitimamente eleito cuja materializa\u00e7\u00e3o se operou no dia 8\/1\/2023\u201d, afirmou o ministro.\n<\/p>\n<p>O voto de Moraes foi acompanhado por Fl\u00e1vio Dino.<\/p>\n<p>Fonte: CNN Brasil              <\/p>\n<\/div>\n<p><br \/>\n<br \/><a href=\"https:\/\/diariodobrasilnoticias.com.br\/noticia\/urgente-fux-pede-vista-em-julgamento-de-mulher-que-pichou-estatua-do-stf-67e17238160cc\">Source link <\/a><\/p>","protected":false},"excerpt":{"rendered":"<p>O ministro Luiz Fux, do Supremo Tribunal Federal (STF), pediu vista, ou seja, mais tempo para analisar um caso, no julgamento sobre a condena\u00e7\u00e3o de D\u00e9bora Rodrigues dos Santos, por&hellip;<\/p>","protected":false},"author":1,"featured_media":113522,"comment_status":"closed","ping_status":"open","sticky":false,"template":"","format":"standard","meta":{"content-type":"","footnotes":""},"categories":[16],"tags":[123,2448,5313,1267],"class_list":["post-113521","post","type-post","status-publish","format-standard","has-post-thumbnail","hentry","category-noticias","tag-brasil","tag-diario","tag-noticia","tag-noticias"],"_links":{"self":[{"href":"https:\/\/tvbrazilusa.com\/pt\/wp-json\/wp\/v2\/posts\/113521","targetHints":{"allow":["GET"]}}],"collection":[{"href":"https:\/\/tvbrazilusa.com\/pt\/wp-json\/wp\/v2\/posts"}],"about":[{"href":"https:\/\/tvbrazilusa.com\/pt\/wp-json\/wp\/v2\/types\/post"}],"author":[{"embeddable":true,"href":"https:\/\/tvbrazilusa.com\/pt\/wp-json\/wp\/v2\/users\/1"}],"replies":[{"embeddable":true,"href":"https:\/\/tvbrazilusa.com\/pt\/wp-json\/wp\/v2\/comments?post=113521"}],"version-history":[{"count":1,"href":"https:\/\/tvbrazilusa.com\/pt\/wp-json\/wp\/v2\/posts\/113521\/revisions"}],"predecessor-version":[{"id":113523,"href":"https:\/\/tvbrazilusa.com\/pt\/wp-json\/wp\/v2\/posts\/113521\/revisions\/113523"}],"wp:featuredmedia":[{"embeddable":true,"href":"https:\/\/tvbrazilusa.com\/pt\/wp-json\/wp\/v2\/media\/113522"}],"wp:attachment":[{"href":"https:\/\/tvbrazilusa.com\/pt\/wp-json\/wp\/v2\/media?parent=113521"}],"wp:term":[{"taxonomy":"category","embeddable":true,"href":"https:\/\/tvbrazilusa.com\/pt\/wp-json\/wp\/v2\/categories?post=113521"},{"taxonomy":"post_tag","embeddable":true,"href":"https:\/\/tvbrazilusa.com\/pt\/wp-json\/wp\/v2\/tags?post=113521"}],"curies":[{"name":"wp","href":"https:\/\/api.w.org\/{rel}","templated":true}]}}