{"id":113541,"date":"2025-03-24T18:49:37","date_gmt":"2025-03-24T18:49:37","guid":{"rendered":"https:\/\/tvbrazilusa.com\/2025\/03\/24\/a-solucao-dos-seus-problemas-o-juro-ta-alto-pega-o-emprestimo-do-lula-diz-gleisi-veja-video\/"},"modified":"2025-03-24T18:49:39","modified_gmt":"2025-03-24T18:49:39","slug":"a-solucao-dos-seus-problemas-o-juro-ta-alto-pega-o-emprestimo-do-lula-diz-gleisi-veja-video","status":"publish","type":"post","link":"https:\/\/tvbrazilusa.com\/pt\/2025\/03\/24\/a-solucao-dos-seus-problemas-o-juro-ta-alto-pega-o-emprestimo-do-lula-diz-gleisi-veja-video\/","title":{"rendered":"A solu\u00e7\u00e3o dos seus problemas: &#8216;O juro t\u00e1 alto? Pega o empr\u00e9stimo do Lula&#8217;, diz Gleisi; VEJA V\u00cdDEO"},"content":{"rendered":"<p> <script async src=\"https:\/\/pagead2.googlesyndication.com\/pagead\/js\/adsbygoogle.js?client=ca-pub-8864793242727901\"\r\n     crossorigin=\"anonymous\"><\/script><br \/>\n<\/p>\n<div id=\"taboola-read-more\" style=\"display:block; width:100%\">\n<p>A ministra-chefe da Secretaria de Rela\u00e7\u00f5es Institucionais, Gleisi Hoffmann, usou as redes sociais para divulgar o novo programa de cr\u00e9dito consignado do governo Lula (PT). \u201cApertou o or\u00e7amento? O juro t\u00e1 alto? Pega o empr\u00e9stimo do Lula\u201d, disse em v\u00eddeo publicado no s\u00e1bado (23.mar.2025) no Instagram.<\/p>\n<p>Na grava\u00e7\u00e3o, Gleisi afirma que a nova linha de cr\u00e9dito \u00e9 uma alternativa para quem enfrenta dificuldades financeiras. Segundo ela, o empr\u00e9stimo pode ser solicitado diretamente pelo aplicativo da Carteira de Trabalho Digital, com ofertas disponibilizadas em at\u00e9 24 horas. O pagamento ser\u00e1 descontado automaticamente da folha salarial.<\/p>\n<p>A ministra tamb\u00e9m ressaltou que a partir de 25 de abril, quem j\u00e1 tem um consignado vai poder migrar para o programa: \u201cTrocando os juros mais altos que voc\u00ea est\u00e1 pagando pela taxa mais em conta do empr\u00e9stimo do Lula\u201d, disse Gleisi.\n<\/p>\n<p>V\u00eddeo: Reprodu\u00e7\u00e3o<br \/>Poder 360              <\/p>\n<\/div>\n<p><br \/>\n<br \/><a href=\"https:\/\/diariodobrasilnoticias.com.br\/noticia\/a-solucao-dos-seus-problemas-o-juro-ta-alto-pega-o-emprestimo-do-lula-diz-gleisi-veja-video-67e188fd04bed\">Source link <\/a><\/p>","protected":false},"excerpt":{"rendered":"<p>A ministra-chefe da Secretaria de Rela\u00e7\u00f5es Institucionais, Gleisi Hoffmann, usou as redes sociais para divulgar o novo programa de cr\u00e9dito consignado do governo Lula (PT). \u201cApertou o or\u00e7amento? O juro&hellip;<\/p>","protected":false},"author":1,"featured_media":113542,"comment_status":"closed","ping_status":"open","sticky":false,"template":"","format":"standard","meta":{"content-type":"","footnotes":""},"categories":[16],"tags":[123,2448,5313,1267],"class_list":["post-113541","post","type-post","status-publish","format-standard","has-post-thumbnail","hentry","category-noticias","tag-brasil","tag-diario","tag-noticia","tag-noticias"],"_links":{"self":[{"href":"https:\/\/tvbrazilusa.com\/pt\/wp-json\/wp\/v2\/posts\/113541","targetHints":{"allow":["GET"]}}],"collection":[{"href":"https:\/\/tvbrazilusa.com\/pt\/wp-json\/wp\/v2\/posts"}],"about":[{"href":"https:\/\/tvbrazilusa.com\/pt\/wp-json\/wp\/v2\/types\/post"}],"author":[{"embeddable":true,"href":"https:\/\/tvbrazilusa.com\/pt\/wp-json\/wp\/v2\/users\/1"}],"replies":[{"embeddable":true,"href":"https:\/\/tvbrazilusa.com\/pt\/wp-json\/wp\/v2\/comments?post=113541"}],"version-history":[{"count":1,"href":"https:\/\/tvbrazilusa.com\/pt\/wp-json\/wp\/v2\/posts\/113541\/revisions"}],"predecessor-version":[{"id":113543,"href":"https:\/\/tvbrazilusa.com\/pt\/wp-json\/wp\/v2\/posts\/113541\/revisions\/113543"}],"wp:featuredmedia":[{"embeddable":true,"href":"https:\/\/tvbrazilusa.com\/pt\/wp-json\/wp\/v2\/media\/113542"}],"wp:attachment":[{"href":"https:\/\/tvbrazilusa.com\/pt\/wp-json\/wp\/v2\/media?parent=113541"}],"wp:term":[{"taxonomy":"category","embeddable":true,"href":"https:\/\/tvbrazilusa.com\/pt\/wp-json\/wp\/v2\/categories?post=113541"},{"taxonomy":"post_tag","embeddable":true,"href":"https:\/\/tvbrazilusa.com\/pt\/wp-json\/wp\/v2\/tags?post=113541"}],"curies":[{"name":"wp","href":"https:\/\/api.w.org\/{rel}","templated":true}]}}