{"id":113556,"date":"2025-03-24T19:38:09","date_gmt":"2025-03-24T19:38:09","guid":{"rendered":"https:\/\/tvbrazilusa.com\/2025\/03\/24\/zanin-desconsidera-solicitacao-de-nunes-marques-e-confirma-o-quinto-voto-para-condenar-zambelli\/"},"modified":"2025-03-24T19:38:10","modified_gmt":"2025-03-24T19:38:10","slug":"zanin-desconsidera-solicitacao-de-nunes-marques-e-confirma-o-quinto-voto-para-condenar-zambelli","status":"publish","type":"post","link":"https:\/\/tvbrazilusa.com\/pt\/2025\/03\/24\/zanin-desconsidera-solicitacao-de-nunes-marques-e-confirma-o-quinto-voto-para-condenar-zambelli\/","title":{"rendered":"Zanin desconsidera solicita\u00e7\u00e3o de Nunes Marques e confirma o quinto voto para condenar Zambelli"},"content":{"rendered":"<p> <script async src=\"https:\/\/pagead2.googlesyndication.com\/pagead\/js\/adsbygoogle.js?client=ca-pub-8864793242727901\"\r\n     crossorigin=\"anonymous\"><\/script><br \/>\n<\/p>\n<div id=\"taboola-read-more\" style=\"display:block; width:100%\">\n<p>O ministro Cristiano Zanin, do Supremo Tribunal Federal, registrou o quinto voto a favor de condenar a deputada federal Carla Zambelli (PL-SP) por persegui\u00e7\u00e3o armada a um eleitor da oposi\u00e7\u00e3o. A manifesta\u00e7\u00e3o do magistrado, que eleva o placar para cinco votos a zero contra a parlamentar, veio minutos ap\u00f3s o colega Kassio Nunes Marques suspender o julgamento nesta segunda-feira, 24.\n<\/p>\n<p>O processo contra Zambelli corre no plen\u00e1rio virtual do STF desde a \u00faltima sexta-feira, 21, e tinha prazo inicial previsto at\u00e9 a pr\u00f3xima sexta, 28. Nunes Marques, contudo, pediu vista da a\u00e7\u00e3o e tem at\u00e9 noventa dias para devolver a a\u00e7\u00e3o \u00e0 Corte \u2014 a suspens\u00e3o do julgamento, contudo, n\u00e3o impede que os ministros registrem seus votos antecipadamente.<\/p>\n<p>Com os votos de Zanin e dos ministros Alexandre de Moraes, Fl\u00e1vio Dino, C\u00e1rmen L\u00facia e Gilmar Mendes, relator do processo, falta apenas um posicionamento favor\u00e1vel para que o STF forme maioria pela condena\u00e7\u00e3o de Zambelli. Faltam as manifesta\u00e7\u00f5es de Nunes Marques, Andr\u00e9 Mendon\u00e7a, Dias Toffoli, Luiz Fux e do presidente do Supremo, Lu\u00eds Roberto Barroso.\n<\/p>\n<p>Deputada enfrenta at\u00e9 cinco anos de pris\u00e3o e cassa\u00e7\u00e3o de mandato<br \/>A a\u00e7\u00e3o contra Carla Zambelli \u00e9 movida pela Procuradoria-Geral da Rep\u00fablica (PGR), que denunciou a parlamentar por empunhar um rev\u00f3lver e perseguir um eleitor petista pelas ruas de S\u00e3o Paulo. O caso ocorreu em 28 de outubro de 2022, v\u00e9spera do segundo turno das elei\u00e7\u00f5es presidenciais \u2014 a defesa da deputada afirma que ela n\u00e3o cometeu nenhum crime, e que ela teria sido provocada e empurrada pelo homem.\n<\/p>\n<p>Na den\u00fancia, o procurador-geral Paulo Gonet cita os crimes de porte ilegal de arma de fogo e constrangimento ilegal com uso de arma, que podem levar a uma pena somada de cinco anos e tr\u00eas meses de pris\u00e3o. Ele pede, ainda, que a deputada perca definitivamente a licen\u00e7a para andar armada e pague 100 mil reais em indeniza\u00e7\u00f5es por danos morais.\n<\/p>\n<p>Em seu voto, Gilmar Mendes cita \u201celevado grau de reprovabilidade\u201d na conduta de Zambelli. Em adi\u00e7\u00e3o aos pedidos da PGR, os ministros votaram a favor da cassa\u00e7\u00e3o do mandato da parlamentar na C\u00e2mara dos Deputados \u2014 o que s\u00f3 ocorreria, na pr\u00e1tica, ap\u00f3s o processo ser julgado e todos os recursos esgotados.\n<\/p>\n<p>Em janeiro deste ano, Zambelli j\u00e1 teve o mandato cassado por decis\u00e3o da Justi\u00e7a Eleitoral de S\u00e3o Paulo, em raz\u00e3o da dissemina\u00e7\u00e3o de fake news e ataques \u00e0s urnas eletr\u00f4nicas durante as elei\u00e7\u00f5es de 2022. A deputada entrou com recurso no Tribunal Superior Eleitoral (TSE) e permanece no cargo.\n<\/p>\n<p>Fonte: Veja              <\/p>\n<\/div>\n<p><br \/>\n<br \/><a href=\"https:\/\/diariodobrasilnoticias.com.br\/noticia\/zanin-desconsidera-solicitacao-de-nunes-marques-e-confirma-o-quinto-voto-para-condenar-zambelli-67e19cf6c838a\">Source link <\/a><\/p>","protected":false},"excerpt":{"rendered":"<p>O ministro Cristiano Zanin, do Supremo Tribunal Federal, registrou o quinto voto a favor de condenar a deputada federal Carla Zambelli (PL-SP) por persegui\u00e7\u00e3o armada a um eleitor da oposi\u00e7\u00e3o.&hellip;<\/p>","protected":false},"author":1,"featured_media":113557,"comment_status":"closed","ping_status":"open","sticky":false,"template":"","format":"standard","meta":{"content-type":"","footnotes":""},"categories":[16],"tags":[123,2448,5313,1267],"class_list":["post-113556","post","type-post","status-publish","format-standard","has-post-thumbnail","hentry","category-noticias","tag-brasil","tag-diario","tag-noticia","tag-noticias"],"_links":{"self":[{"href":"https:\/\/tvbrazilusa.com\/pt\/wp-json\/wp\/v2\/posts\/113556","targetHints":{"allow":["GET"]}}],"collection":[{"href":"https:\/\/tvbrazilusa.com\/pt\/wp-json\/wp\/v2\/posts"}],"about":[{"href":"https:\/\/tvbrazilusa.com\/pt\/wp-json\/wp\/v2\/types\/post"}],"author":[{"embeddable":true,"href":"https:\/\/tvbrazilusa.com\/pt\/wp-json\/wp\/v2\/users\/1"}],"replies":[{"embeddable":true,"href":"https:\/\/tvbrazilusa.com\/pt\/wp-json\/wp\/v2\/comments?post=113556"}],"version-history":[{"count":1,"href":"https:\/\/tvbrazilusa.com\/pt\/wp-json\/wp\/v2\/posts\/113556\/revisions"}],"predecessor-version":[{"id":113558,"href":"https:\/\/tvbrazilusa.com\/pt\/wp-json\/wp\/v2\/posts\/113556\/revisions\/113558"}],"wp:featuredmedia":[{"embeddable":true,"href":"https:\/\/tvbrazilusa.com\/pt\/wp-json\/wp\/v2\/media\/113557"}],"wp:attachment":[{"href":"https:\/\/tvbrazilusa.com\/pt\/wp-json\/wp\/v2\/media?parent=113556"}],"wp:term":[{"taxonomy":"category","embeddable":true,"href":"https:\/\/tvbrazilusa.com\/pt\/wp-json\/wp\/v2\/categories?post=113556"},{"taxonomy":"post_tag","embeddable":true,"href":"https:\/\/tvbrazilusa.com\/pt\/wp-json\/wp\/v2\/tags?post=113556"}],"curies":[{"name":"wp","href":"https:\/\/api.w.org\/{rel}","templated":true}]}}