{"id":11356,"date":"2024-07-29T15:05:24","date_gmt":"2024-07-29T15:05:24","guid":{"rendered":"https:\/\/tvbrazilusa.com\/2024\/07\/29\/biden-revela-plano-para-mudancas-na-suprema-corte-diz-que-eua-estao-em-violacao-enquanto-a-confianca-publica-afunda-wsvn-7news-noticias-de-miami-clima-esportes-fort-lauderdale\/"},"modified":"2024-07-29T15:08:41","modified_gmt":"2024-07-29T15:08:41","slug":"biden-revela-plano-para-mudancas-na-suprema-corte-diz-que-eua-estao-em-violacao-enquanto-a-confianca-publica-afunda-wsvn-7news-noticias-de-miami-clima-esportes-fort-lauderdale","status":"publish","type":"post","link":"https:\/\/tvbrazilusa.com\/pt\/2024\/07\/29\/biden-revela-plano-para-mudancas-na-suprema-corte-diz-que-eua-estao-em-violacao-enquanto-a-confianca-publica-afunda-wsvn-7news-noticias-de-miami-clima-esportes-fort-lauderdale\/","title":{"rendered":"Biden revela plano para mudan\u00e7as na Suprema Corte, diz que EUA est\u00e3o em &#8220;viola\u00e7\u00e3o&#8221; enquanto a confian\u00e7a p\u00fablica afunda &#8211; WSVN 7News | Not\u00edcias de Miami, Clima, Esportes | Fort Lauderdale"},"content":{"rendered":"<p> <script async src=\"https:\/\/pagead2.googlesyndication.com\/pagead\/js\/adsbygoogle.js?client=ca-pub-8864793242727901\"\r\n     crossorigin=\"anonymous\"><\/script><br \/>\n<\/p>\n<div itemprop=\"articleBody\">\n<p>WASHINGTON (AP) \u2014 O presidente Joe Biden revelou uma proposta h\u00e1 muito aguardada para mudan\u00e7as na Suprema Corte dos EUA, pedindo ao Congresso que estabele\u00e7a limites de mandato e um c\u00f3digo de \u00e9tica execut\u00e1vel para os nove ju\u00edzes da corte. Ele tamb\u00e9m est\u00e1 pressionando os legisladores a ratificar uma emenda constitucional que limita a imunidade presidencial.<\/p>\n<p>Na segunda-feira, a Casa Branca detalhou os contornos da proposta de Biden para o tribunal, que parece ter poucas chances de ser aprovada por um Congresso bastante dividido, faltando apenas 99 dias para o dia da elei\u00e7\u00e3o.<\/p>\n<p>Ainda assim, os democratas esperam que isso ajude a concentrar os eleitores enquanto eles consideram suas escolhas em uma elei\u00e7\u00e3o acirrada. A prov\u00e1vel indicada democrata, a vice-presidente Kamala Harris, que tentou enquadrar sua corrida contra o ex-presidente republicano Donald Trump como &#8220;uma escolha entre liberdade e caos&#8221;, disse que a justi\u00e7a do tribunal foi questionada ap\u00f3s decis\u00f5es recentes.<\/p>\n<p>A Casa Branca est\u00e1 tentando explorar a crescente indigna\u00e7\u00e3o entre os democratas sobre o tribunal, que tem uma maioria conservadora de 6-3, emitindo pareceres que anularam decis\u00f5es hist\u00f3ricas sobre direitos ao aborto e poderes regulat\u00f3rios federais que vigoraram por d\u00e9cadas.<\/p>\n<p>Os liberais tamb\u00e9m expressaram consterna\u00e7\u00e3o com as revela\u00e7\u00f5es sobre o que eles dizem ser relacionamentos question\u00e1veis \u200b\u200be decis\u00f5es de alguns membros da ala conservadora do tribunal, que sugerem que sua imparcialidade est\u00e1 comprometida.<\/p>\n<p>\u201cTenho grande respeito por nossas institui\u00e7\u00f5es e pela separa\u00e7\u00e3o de poderes\u201d, Biden argumenta em um artigo de opini\u00e3o do Washington Post publicado na segunda-feira. \u201cO que est\u00e1 acontecendo agora n\u00e3o \u00e9 normal e mina a confian\u00e7a do p\u00fablico nas decis\u00f5es do tribunal, incluindo aquelas que impactam as liberdades pessoais. Agora estamos em uma brecha.\u201d<\/p>\n<p>Harris emitiu mais tarde uma declara\u00e7\u00e3o dizendo que o povo americano deve ter confian\u00e7a em uma Suprema Corte marcada por esc\u00e2ndalos \u00e9ticos e decis\u00f5es que anulam precedentes de longa data. Ela disse que as reformas propostas \u201cajudar\u00e3o a restaurar a confian\u00e7a na Corte, fortalecer nossa democracia e garantir que ningu\u00e9m esteja acima da lei\u201d.<\/p>\n<p>O presidente planejou falar sobre sua proposta mais tarde na segunda-feira, durante um discurso na Biblioteca Presidencial LBJ em Austin, Texas, para marcar o 60\u00ba anivers\u00e1rio da Lei dos Direitos Civis.<\/p>\n<p>Biden est\u00e1 pedindo a elimina\u00e7\u00e3o de nomea\u00e7\u00f5es vital\u00edcias para o tribunal. Ele diz que o Congresso deve aprovar uma legisla\u00e7\u00e3o para estabelecer um sistema no qual o presidente em exerc\u00edcio nomearia um juiz a cada dois anos para passar 18 anos em servi\u00e7o no tribunal. Ele argumenta que os limites de mandato ajudariam a garantir que a composi\u00e7\u00e3o do tribunal mudasse com alguma regularidade e acrescentaria uma medida de previsibilidade ao processo de nomea\u00e7\u00e3o.<\/p>\n<p>Ele tamb\u00e9m quer que o Congresso aprove uma legisla\u00e7\u00e3o estabelecendo um c\u00f3digo de \u00e9tica judicial que exigiria que os ju\u00edzes revelassem presentes, se abstivessem de atividades pol\u00edticas p\u00fablicas e se recusassem a participar de casos em que eles ou seus c\u00f4njuges tenham conflitos de interesse financeiros ou de outra natureza.<\/p>\n<p>Biden tamb\u00e9m est\u00e1 pedindo ao Congresso que aprove uma emenda constitucional revertendo a recente decis\u00e3o hist\u00f3rica de imunidade da Suprema Corte, que determinou que ex-presidentes t\u00eam ampla imunidade contra processos judiciais.<\/p>\n<p>Essa decis\u00e3o prolongou o atraso no processo criminal de Washington contra Trump pelas acusa\u00e7\u00f5es de que ele planejou reverter sua derrota na elei\u00e7\u00e3o presidencial de 2020 e praticamente acabou com as perspectivas de que o ex-presidente pudesse ser julgado antes da elei\u00e7\u00e3o de novembro.<\/p>\n<p>Pesquisas indicam que os americanos apoiam a limita\u00e7\u00e3o de quanto tempo os ju\u00edzes servem na mais alta corte do pa\u00eds. No ver\u00e3o passado, uma pesquisa do The Associated Press-NORC Center for Public Affairs Research descobriu que 67% dos americanos, incluindo 82% dos democratas e 57% dos republicanos, apoiam uma proposta para definir um n\u00famero espec\u00edfico de anos que os ju\u00edzes servem em vez de penas perp\u00e9tuas.<\/p>\n<p>Os tr\u00eas primeiros ju\u00edzes que potencialmente seriam afetados pelos limites de mandato est\u00e3o \u00e0 direita. O Juiz Clarence Thomas est\u00e1 na corte h\u00e1 quase 33 anos. O Juiz Presidente John Roberts serviu por 19 anos, e o Juiz Samuel Alito serviu por 18.<\/p>\n<p>Os ju\u00edzes da Suprema Corte serviram em m\u00e9dia cerca de 17 anos desde a funda\u00e7\u00e3o at\u00e9 1970, disse Gabe Roth, diretor executivo do grupo Fix the Court. Desde 1970, a m\u00e9dia tem sido de cerca de 28 anos. Tanto pol\u00edticos conservadores quanto liberais t\u00eam defendido limites de mandato.<\/p>\n<p>\u201cSe os ju\u00edzes t\u00eam tanto poder, ent\u00e3o eles deveriam ser indiv\u00edduos que refletem a Am\u00e9rica como ela \u00e9 atualmente, n\u00e3o a Am\u00e9rica de 30 ou 40 anos atr\u00e1s, a m\u00e3o morta do presidente que os nomeou, ainda influenciando as pol\u00edticas\u201d, disse Roth.<\/p>\n<p>Um mecanismo de execu\u00e7\u00e3o para o c\u00f3digo de \u00e9tica do tribunal superior, enquanto isso, poderia deixar os ju\u00edzes da Suprema Corte mais alinhados com outros ju\u00edzes federais, que est\u00e3o sujeitos a um sistema disciplinar no qual qualquer um pode registrar uma queixa e t\u00ea-la revisada. Uma investiga\u00e7\u00e3o pode resultar em censura e repreens\u00e3o. Na semana passada, a ju\u00edza Elena Kagan pediu publicamente a cria\u00e7\u00e3o de uma maneira de aplicar o novo c\u00f3digo de \u00e9tica, tornando-se a primeira ju\u00edza a faz\u00ea-lo.<\/p>\n<p>Ainda assim, quando se trata da Suprema Corte, criar um mecanismo de aplica\u00e7\u00e3o do c\u00f3digo de \u00e9tica n\u00e3o \u00e9 t\u00e3o f\u00e1cil quanto parece.<\/p>\n<p>O procurador-geral sempre teve o poder de impor viola\u00e7\u00f5es das regras de divulga\u00e7\u00e3o financeira e de doa\u00e7\u00f5es, mas aparentemente nunca usou esse poder contra ju\u00edzes federais, disse Stephen Gillers, especialista em \u00e9tica jur\u00eddica da Faculdade de Direito da NYU.<\/p>\n<p>O \u00f3rg\u00e3o que supervisiona os ju\u00edzes de tribunais inferiores, por sua vez, \u00e9 liderado por Roberts, \u201cque pode estar relutante em usar qualquer poder que a confer\u00eancia tenha contra seus colegas\u201d, escreveu Gillers em um e-mail.<\/p>\n<p>A \u00faltima vez que o Congresso ratificou uma emenda \u00e0 Constitui\u00e7\u00e3o foi h\u00e1 32 anos. A 27\u00aa Emenda, ratificada em 1992, afirma que o Congresso pode aprovar um projeto de lei alterando o pagamento dos membros da C\u00e2mara e do Senado, mas tal mudan\u00e7a n\u00e3o pode entrar em vigor at\u00e9 depois das pr\u00f3ximas elei\u00e7\u00f5es de novembro para a C\u00e2mara.<\/p>\n<p>Trump criticou a reforma dos tribunais como uma tentativa desesperada dos democratas de \u201cjogar como \u00e1rbitro\u201d.<\/p>\n<p>\u201cOs democratas est\u00e3o tentando interferir na elei\u00e7\u00e3o presidencial e destruir nosso sistema de justi\u00e7a, atacando seu oponente pol\u00edtico, ME, e nossa Honor\u00e1vel Suprema Corte. Temos que lutar por nossos tribunais justos e independentes e proteger nosso pa\u00eds\u201d, Trump postou em seu site Truth Social este m\u00eas.<\/p>\n<p>Houve cada vez mais questionamentos sobre a \u00e9tica do tribunal ap\u00f3s revela\u00e7\u00f5es sobre alguns dos ju\u00edzes, incluindo o fato de Thomas ter aceitado viagens de luxo de um mega-governador do Partido Republicano.<\/p>\n<p>A ju\u00edza Sonia Sotomayor, que foi nomeada durante o governo Obama, enfrentou questionamentos depois que surgiu a not\u00edcia de que sua equipe frequentemente pressionava institui\u00e7\u00f5es p\u00fablicas que a hospedavam para comprar c\u00f3pias de suas mem\u00f3rias ou livros infantis.<\/p>\n<p>Alito rejeitou os pedidos para se afastar dos casos da Suprema Corte envolvendo Trump e os r\u00e9us da insurrei\u00e7\u00e3o de 6 de janeiro de 2021, apesar de uma agita\u00e7\u00e3o sobre bandeiras provocativas exibidas em suas casas que alguns acreditam sugerir simpatia por pessoas que enfrentam acusa\u00e7\u00f5es por invadir o Capit\u00f3lio dos EUA para manter Trump no poder. Alito diz que as bandeiras foram exibidas por sua esposa.<\/p>\n<p>Os democratas dizem que o esfor\u00e7o de Biden ajudar\u00e1 a colocar em evid\u00eancia decis\u00f5es recentes do tribunal superior, incluindo a decis\u00e3o de 2022 que retirou as prote\u00e7\u00f5es constitucionais das mulheres ao aborto, pelo tribunal de maioria conservadora que inclui tr\u00eas ju\u00edzes nomeados por Trump.<\/p>\n<p>O an\u00fancio marca uma evolu\u00e7\u00e3o not\u00e1vel para Biden, que como candidato estava cauteloso com os apelos para reformar o tribunal superior. Mas ao longo de sua presid\u00eancia, ele se tornou cada vez mais vocal sobre sua cren\u00e7a de que o tribunal abandonou a interpreta\u00e7\u00e3o constitucional convencional.<\/p>\n<p>Na semana passada, ele anunciou durante um discurso no Sal\u00e3o Oval que buscaria uma reforma na Suprema Corte durante seus \u00faltimos meses no cargo, chamando-a de &#8220;essencial para nossa democracia&#8221;.<\/p>\n<p><em>Copyright 2024 The Associated Press. Todos os direitos reservados. Este material n\u00e3o pode ser publicado, transmitido, reescrito ou redistribu\u00eddo.<\/em><\/p>\n<div class=\"wp-block-newsletter\">\n\t<strong class=\"wp-block-newsletter__title\">Inscreva-se em nossa Newsletter para receber as \u00faltimas not\u00edcias diretamente na sua caixa de entrada<\/strong><\/p>\n<\/div><\/div>\n<p><br \/>\n<br \/><a href=\"https:\/\/wsvn.com\/news\/politics\/biden-unveils-plan-for-supreme-court-changes-says-us-stands-at-breach-as-public-confidence-sinks\/\">Source link <\/a><\/p>","protected":false},"excerpt":{"rendered":"<p>WASHINGTON (AP) \u2014 O presidente Joe Biden revelou uma proposta h\u00e1 muito aguardada para mudan\u00e7as na Suprema Corte dos EUA, pedindo ao Congresso que estabele\u00e7a limites de mandato e um&hellip;<\/p>","protected":false},"author":1,"featured_media":11357,"comment_status":"closed","ping_status":"open","sticky":false,"template":"","format":"standard","meta":{"content-type":"","footnotes":""},"categories":[1],"tags":[],"class_list":["post-11356","post","type-post","status-publish","format-standard","has-post-thumbnail","hentry","category-uncategorized"],"_links":{"self":[{"href":"https:\/\/tvbrazilusa.com\/pt\/wp-json\/wp\/v2\/posts\/11356","targetHints":{"allow":["GET"]}}],"collection":[{"href":"https:\/\/tvbrazilusa.com\/pt\/wp-json\/wp\/v2\/posts"}],"about":[{"href":"https:\/\/tvbrazilusa.com\/pt\/wp-json\/wp\/v2\/types\/post"}],"author":[{"embeddable":true,"href":"https:\/\/tvbrazilusa.com\/pt\/wp-json\/wp\/v2\/users\/1"}],"replies":[{"embeddable":true,"href":"https:\/\/tvbrazilusa.com\/pt\/wp-json\/wp\/v2\/comments?post=11356"}],"version-history":[{"count":1,"href":"https:\/\/tvbrazilusa.com\/pt\/wp-json\/wp\/v2\/posts\/11356\/revisions"}],"predecessor-version":[{"id":11358,"href":"https:\/\/tvbrazilusa.com\/pt\/wp-json\/wp\/v2\/posts\/11356\/revisions\/11358"}],"wp:featuredmedia":[{"embeddable":true,"href":"https:\/\/tvbrazilusa.com\/pt\/wp-json\/wp\/v2\/media\/11357"}],"wp:attachment":[{"href":"https:\/\/tvbrazilusa.com\/pt\/wp-json\/wp\/v2\/media?parent=11356"}],"wp:term":[{"taxonomy":"category","embeddable":true,"href":"https:\/\/tvbrazilusa.com\/pt\/wp-json\/wp\/v2\/categories?post=11356"},{"taxonomy":"post_tag","embeddable":true,"href":"https:\/\/tvbrazilusa.com\/pt\/wp-json\/wp\/v2\/tags?post=11356"}],"curies":[{"name":"wp","href":"https:\/\/api.w.org\/{rel}","templated":true}]}}