{"id":113568,"date":"2025-03-24T20:20:24","date_gmt":"2025-03-24T20:20:24","guid":{"rendered":"https:\/\/tvbrazilusa.com\/2025\/03\/24\/procurador-e-punido-por-criticar-resolucao-do-tse\/"},"modified":"2025-03-24T20:20:29","modified_gmt":"2025-03-24T20:20:29","slug":"procurador-e-punido-por-criticar-resolucao-do-tse","status":"publish","type":"post","link":"https:\/\/tvbrazilusa.com\/pt\/2025\/03\/24\/procurador-e-punido-por-criticar-resolucao-do-tse\/","title":{"rendered":"Procurador \u00e9 punido por criticar resolu\u00e7\u00e3o do TSE"},"content":{"rendered":"<p> <script async src=\"https:\/\/pagead2.googlesyndication.com\/pagead\/js\/adsbygoogle.js?client=ca-pub-8864793242727901\"\r\n     crossorigin=\"anonymous\"><\/script><br \/>\n<\/p>\n<div id=\"taboola-read-more\" style=\"display:block; width:100%\">\n<p>O Conselho Nacional do Minist\u00e9rio P\u00fablico (CNMP) aplicou uma advert\u00eancia ao procurador de Justi\u00e7a do Estado de S\u00e3o Paulo Jos\u00e9 Carlos Mascari Bonilha, que criticou, em 2022, uma resolu\u00e7\u00e3o do Tribunal Superior Eleitoral (TSE).\n<\/p>\n<p>A norma, editada pelo ent\u00e3o presidente do TSE, Alexandre de Moraes, pro\u00edbe eleitores de levarem celulares para a cabine de vota\u00e7\u00e3o e autoriza os mes\u00e1rios a confiscar os aparelhos, impedindo o eleitor de votar em caso de desobedi\u00eancia.<\/p>\n<p>Em 2 de setembro de 2022, Bonilha participou do programa Pingos nos Is, da Jovem Pan, onde declarou que a resolu\u00e7\u00e3o do TSE era \u201cabsolutamente autorit\u00e1ria\u201d e sem base constitucional ou legal. Ele esperava que outros membros do TSE derrubassem a resolu\u00e7\u00e3o imposta por Moraes.\n<\/p>\n<p>Bonilha afirmou: \u201cEssa [resolu\u00e7\u00e3o], a mim, me parece extremamente inconstitucional. Mas, ainda que assim n\u00e3o fosse, ainda que fosse menos grave (inconstitucionalidade \u00e9 grav\u00edssimo), ainda que fosse menos grave, que fosse uma medida pol\u00eamica, n\u00e3o se espera do presidente do Tribunal Superior Eleitoral a ado\u00e7\u00e3o de uma medida pol\u00eamica, porque \u00e9 seu dever passar tranquilidade, equil\u00edbrio, modera\u00e7\u00e3o para toda a popula\u00e7\u00e3o, em especial quando se est\u00e1 \u00e0s v\u00e9speras de um momento t\u00e3o c\u00edvico, t\u00e3o relevante para a hist\u00f3ria de uma na\u00e7\u00e3o, como \u00e9 a elei\u00e7\u00e3o para a Presid\u00eancia da Rep\u00fablica.\u201d\n<\/p>\n<p><strong>Argumentos sobre direitos pol\u00edticos<\/strong><br \/>Na entrevista, o procurador destacou que o voto \u00e9 um direito garantido pela Constitui\u00e7\u00e3o e obrigat\u00f3rio para maiores de dezoito anos. \u201cN\u00e3o pode a Presid\u00eancia de uma Corte, ainda que Superior Eleitoral, estabelecer uma medida que equivale \u00e0 perda do direito pol\u00edtico\u201d, afirmou Bonilha.\n<\/p>\n<p>Bonilha esclareceu que a perda de direitos pol\u00edticos ocorre somente em situa\u00e7\u00f5es excepcionais, previamente estabelecidas por lei, e que quem legisla no Brasil \u00e9 o Congresso Nacional, composto pela C\u00e2mara dos Deputados e o Senado. Portanto, segundo ele, n\u00e3o haveria previs\u00e3o legal para que o eleitor perdesse o direito de votar por n\u00e3o entregar o celular.\n<\/p>\n<p><strong>Decis\u00e3o do CNMP e justificativas<\/strong><br \/>No entanto, para o Conselho Nacional do Minist\u00e9rio P\u00fablico, mesmo fundamentada, a cr\u00edtica \u00e0 resolu\u00e7\u00e3o do TSE enseja puni\u00e7\u00e3o ao procurador.\n<\/p>\n<p>O relator do caso no CNMP, Moacyr Rey Filho, afirmou que, ao \u201clan\u00e7ar descr\u00e9dito e desconfian\u00e7a\u201d sobre o TSE e o sistema eleitoral, Bonilha acabou proferindo uma manifesta\u00e7\u00e3o que, em tese, poderia at\u00e9 instigar condutas contr\u00e1rias \u00e0 norma.\n<\/p>\n<p>Para Rey Filho, embora o direito de cr\u00edtica seja crucial na consolida\u00e7\u00e3o democr\u00e1tica, ele n\u00e3o \u00e9 absoluto e deve respeitar o interesse p\u00fablico, al\u00e9m de ser exercido com razoabilidade.\n<\/p>\n<p>A decis\u00e3o de advertir Bonilha foi un\u00e2nime entre os membros do CNMP e foi publicada em 18 de mar\u00e7o.\n<\/p>\n<p>Fonte: Revista Oeste              <\/p>\n<\/div>\n<p><br \/>\n<br \/><a href=\"https:\/\/diariodobrasilnoticias.com.br\/noticia\/procurador-e-punido-por-criticar-resolucao-do-tse-67e19f59c6b50\">Source link <\/a><\/p>","protected":false},"excerpt":{"rendered":"<p>O Conselho Nacional do Minist\u00e9rio P\u00fablico (CNMP) aplicou uma advert\u00eancia ao procurador de Justi\u00e7a do Estado de S\u00e3o Paulo Jos\u00e9 Carlos Mascari Bonilha, que criticou, em 2022, uma resolu\u00e7\u00e3o do&hellip;<\/p>","protected":false},"author":1,"featured_media":113569,"comment_status":"closed","ping_status":"open","sticky":false,"template":"","format":"standard","meta":{"content-type":"","footnotes":""},"categories":[16],"tags":[123,2448,5313,1267],"class_list":["post-113568","post","type-post","status-publish","format-standard","has-post-thumbnail","hentry","category-noticias","tag-brasil","tag-diario","tag-noticia","tag-noticias"],"_links":{"self":[{"href":"https:\/\/tvbrazilusa.com\/pt\/wp-json\/wp\/v2\/posts\/113568","targetHints":{"allow":["GET"]}}],"collection":[{"href":"https:\/\/tvbrazilusa.com\/pt\/wp-json\/wp\/v2\/posts"}],"about":[{"href":"https:\/\/tvbrazilusa.com\/pt\/wp-json\/wp\/v2\/types\/post"}],"author":[{"embeddable":true,"href":"https:\/\/tvbrazilusa.com\/pt\/wp-json\/wp\/v2\/users\/1"}],"replies":[{"embeddable":true,"href":"https:\/\/tvbrazilusa.com\/pt\/wp-json\/wp\/v2\/comments?post=113568"}],"version-history":[{"count":1,"href":"https:\/\/tvbrazilusa.com\/pt\/wp-json\/wp\/v2\/posts\/113568\/revisions"}],"predecessor-version":[{"id":113570,"href":"https:\/\/tvbrazilusa.com\/pt\/wp-json\/wp\/v2\/posts\/113568\/revisions\/113570"}],"wp:featuredmedia":[{"embeddable":true,"href":"https:\/\/tvbrazilusa.com\/pt\/wp-json\/wp\/v2\/media\/113569"}],"wp:attachment":[{"href":"https:\/\/tvbrazilusa.com\/pt\/wp-json\/wp\/v2\/media?parent=113568"}],"wp:term":[{"taxonomy":"category","embeddable":true,"href":"https:\/\/tvbrazilusa.com\/pt\/wp-json\/wp\/v2\/categories?post=113568"},{"taxonomy":"post_tag","embeddable":true,"href":"https:\/\/tvbrazilusa.com\/pt\/wp-json\/wp\/v2\/tags?post=113568"}],"curies":[{"name":"wp","href":"https:\/\/api.w.org\/{rel}","templated":true}]}}