{"id":113583,"date":"2025-03-24T21:04:56","date_gmt":"2025-03-24T21:04:56","guid":{"rendered":"https:\/\/tvbrazilusa.com\/2025\/03\/24\/urgente-pastor-americano-que-criticou-gays-no-df-e-indiciado\/"},"modified":"2025-03-24T21:05:00","modified_gmt":"2025-03-24T21:05:00","slug":"urgente-pastor-americano-que-criticou-gays-no-df-e-indiciado","status":"publish","type":"post","link":"https:\/\/tvbrazilusa.com\/pt\/2025\/03\/24\/urgente-pastor-americano-que-criticou-gays-no-df-e-indiciado\/","title":{"rendered":"URGENTE: Pastor americano que criticou gays no DF \u00e9 indiciado"},"content":{"rendered":"<p> <script async src=\"https:\/\/pagead2.googlesyndication.com\/pagead\/js\/adsbygoogle.js?client=ca-pub-8864793242727901\"\r\n     crossorigin=\"anonymous\"><\/script><br \/>\n<\/p>\n<div id=\"taboola-read-more\" style=\"display:block; width:100%\">\n<p>Na \u00faltima quinta-feira (20), a Delegacia Especial de Repress\u00e3o aos Crimes por Discrimina\u00e7\u00e3o Racial, Religiosa ou por Orienta\u00e7\u00e3o Sexual ou contra a Pessoa Idosa ou com Defici\u00eancia (Decrin) indiciou o pastor americano David Eldridge por homofobia.\n<\/p>\n<p>Tamb\u00e9m foi sugerido que Eldridge fique proibido de palestrar em solo brasileiro por tr\u00eas anos.<\/p>\n<p>Em fevereiro de 2023, o pastor afirmou que todos os homossexuais t\u00eam \u201cuma reserva no inferno\u201d. A declara\u00e7\u00e3o ocorreu durante um Congresso Geral da Uni\u00e3o de Mocidades das Assembleias de Deus de Bras\u00edlia (UMADEB).\n<\/p>\n<p>\u2013 Todo homossexual tem uma reserva no inferno, toda l\u00e9sbica tem uma reserva no inferno, toda transg\u00eanero tem uma reserva no inferno, todo bissexual tem uma reserva no inferno, toda drag queen e prostituta tem reserva no inferno \u2013 disse Eldridge, na ocasi\u00e3o.\n<\/p>\n<p>Durante o evento, o pastor tamb\u00e9m fez um discurso forte contra a pornografia e os programas de televis\u00e3o que possuem conte\u00fado sexual. Para Eldridge, aqueles que consomem esse tipo de material tamb\u00e9m est\u00e3o \u201cfazendo reservas no inferno\u201d.\n<\/p>\n<p>Na \u00e9poca, a Decrin abriu investiga\u00e7\u00e3o para apurar o caso. Caso fique provado o crime, a pena pode ser de quatro a dez anos.\n<\/p>\n<p>A delegacia recebeu uma representa\u00e7\u00e3o da Alian\u00e7a Nacional LGBTI+ e da Associa\u00e7\u00e3o Brasileira de Fam\u00edlias Homoafetivas (ABRAFH), pedindo apura\u00e7\u00e3o.\n<\/p>\n<p>A Comiss\u00e3o de Direitos Humanos da C\u00e2mara Legislativa tamb\u00e9m pediu uma investiga\u00e7\u00e3o. O deputado distrital F\u00e1bio Felix (PSOL), que \u00e9 presidente da comiss\u00e3o, acionou o Minist\u00e9rio P\u00fablico do Distrito Federal (MPDFT).\u00a0\n<\/p>\n<p>Fonte: Pleno News              <\/p>\n<\/div>\n<p><br \/>\n<br \/><a href=\"https:\/\/diariodobrasilnoticias.com.br\/noticia\/urgente-pastor-americano-que-criticou-gays-no-df-e-indiciado-67e1a3f1cca04\">Source link <\/a><\/p>","protected":false},"excerpt":{"rendered":"<p>Na \u00faltima quinta-feira (20), a Delegacia Especial de Repress\u00e3o aos Crimes por Discrimina\u00e7\u00e3o Racial, Religiosa ou por Orienta\u00e7\u00e3o Sexual ou contra a Pessoa Idosa ou com Defici\u00eancia (Decrin) indiciou o&hellip;<\/p>","protected":false},"author":1,"featured_media":113584,"comment_status":"closed","ping_status":"open","sticky":false,"template":"","format":"standard","meta":{"content-type":"","footnotes":""},"categories":[16],"tags":[123,2448,5313,1267],"class_list":["post-113583","post","type-post","status-publish","format-standard","has-post-thumbnail","hentry","category-noticias","tag-brasil","tag-diario","tag-noticia","tag-noticias"],"_links":{"self":[{"href":"https:\/\/tvbrazilusa.com\/pt\/wp-json\/wp\/v2\/posts\/113583","targetHints":{"allow":["GET"]}}],"collection":[{"href":"https:\/\/tvbrazilusa.com\/pt\/wp-json\/wp\/v2\/posts"}],"about":[{"href":"https:\/\/tvbrazilusa.com\/pt\/wp-json\/wp\/v2\/types\/post"}],"author":[{"embeddable":true,"href":"https:\/\/tvbrazilusa.com\/pt\/wp-json\/wp\/v2\/users\/1"}],"replies":[{"embeddable":true,"href":"https:\/\/tvbrazilusa.com\/pt\/wp-json\/wp\/v2\/comments?post=113583"}],"version-history":[{"count":1,"href":"https:\/\/tvbrazilusa.com\/pt\/wp-json\/wp\/v2\/posts\/113583\/revisions"}],"predecessor-version":[{"id":113585,"href":"https:\/\/tvbrazilusa.com\/pt\/wp-json\/wp\/v2\/posts\/113583\/revisions\/113585"}],"wp:featuredmedia":[{"embeddable":true,"href":"https:\/\/tvbrazilusa.com\/pt\/wp-json\/wp\/v2\/media\/113584"}],"wp:attachment":[{"href":"https:\/\/tvbrazilusa.com\/pt\/wp-json\/wp\/v2\/media?parent=113583"}],"wp:term":[{"taxonomy":"category","embeddable":true,"href":"https:\/\/tvbrazilusa.com\/pt\/wp-json\/wp\/v2\/categories?post=113583"},{"taxonomy":"post_tag","embeddable":true,"href":"https:\/\/tvbrazilusa.com\/pt\/wp-json\/wp\/v2\/tags?post=113583"}],"curies":[{"name":"wp","href":"https:\/\/api.w.org\/{rel}","templated":true}]}}