{"id":113601,"date":"2025-03-24T22:25:37","date_gmt":"2025-03-24T22:25:37","guid":{"rendered":"https:\/\/tvbrazilusa.com\/2025\/03\/24\/procedimento-inedito-paciente-passa-por-cirurgia-cerebral-para-controle-da-obesidade\/"},"modified":"2025-03-24T22:25:42","modified_gmt":"2025-03-24T22:25:42","slug":"procedimento-inedito-paciente-passa-por-cirurgia-cerebral-para-controle-da-obesidade","status":"publish","type":"post","link":"https:\/\/tvbrazilusa.com\/pt\/2025\/03\/24\/procedimento-inedito-paciente-passa-por-cirurgia-cerebral-para-controle-da-obesidade\/","title":{"rendered":"Procedimento in\u00e9dito: paciente passa por cirurgia cerebral para controle da obesidade"},"content":{"rendered":"<p> <script async src=\"https:\/\/pagead2.googlesyndication.com\/pagead\/js\/adsbygoogle.js?client=ca-pub-8864793242727901\"\r\n     crossorigin=\"anonymous\"><\/script><br \/>\n<\/p>\n<div id=\"taboola-read-more\" style=\"display:block; width:100%\">\n<p>Ivan dos Santos Ara\u00fajo, 38 anos, passou por uma cirurgia in\u00e9dita na Am\u00e9rica Latina, realizada no Hospital das Cl\u00ednicas da Universidade Federal de Goi\u00e1s (HC-UFG), na \u00faltima ter\u00e7a-feira (18\/3). Ele foi submetido a uma estimula\u00e7\u00e3o cerebral profunda bilateral do n\u00faclo accumbens para o tratamento de obesidade m\u00f3rbida (grau III), ou seja, uma opera\u00e7\u00e3o no c\u00e9rebro para tratar a obesidade.\n<\/p>\n<p>A cirurgia, realizada pelo neurocirurgi\u00e3o Osvaldo Vilela, faz parte de um projeto de pesquisa que tem como objetivo analisar a efetividade do procedimento e qual a melhor maneira de realiz\u00e1-lo. Segundo a unidade de sa\u00fade, \u00e9 importante salientar que se trata de uma cirurgia experimental, n\u00e3o dispon\u00edvel no Sistema \u00danico de Sa\u00fade (SUS).<\/p>\n<p>Outros quatro pacientes participar\u00e3o do projeto. Os cinco ser\u00e3o acompanhados pela equipe de neurocirurgia e endocrinologia do HC-UFG durante dois anos.\n<\/p>\n<p><strong>Tratamento contra obesidade<\/strong><br \/>Ivan \u00e9 natural de Goi\u00e2nia e, no dia da cirurgia, pesava 183 quilos. Ele come\u00e7ou a ganhar peso aos 9 anos e passou por diversos tratamentos com nutricionistas e endocrinologistas. Em 2015, ap\u00f3s um acidente, ele n\u00e3o conseguiu mais perder peso.\n<\/p>\n<p><strong>\u201cPor ter de ficar parado demais, n\u00e3o poder me exercitar, eu n\u00e3o conseguia perder peso. E a obesidade atrapalha a vida em todos os aspectos, atrapalha andar, fazer qualquer coisa do dia a dia normal de uma pessoa\u201d, lamentou o paciente.<\/strong>\n<\/p>\n<p>De acordo com Ivan, no in\u00edcio, ele ficou receoso, por se tratar de uma cirurgia in\u00e9dita, mas que depois de pesquisar muito e conversar com os profissionais do HC-UFG se sentiu confiante. \u201cEstou com grandes expectativas. Que d\u00ea certo, confio em Deus, para melhorar a minha sa\u00fade e minha vida f\u00edsica e mental\u201d, ressaltou.\n<\/p>\n<p><strong>Parceria internacional<\/strong><br \/>A cirurgia in\u00e9dita \u00e9 uma parceria do HC-UFG com a Universidade da Pensilv\u00e2nia, nos Estados Unidos. A equipe de profissionais do HC-UFG realizou diversas reuni\u00f5es on-line com os pesquisadores da Pensilv\u00e2nia para definir qual a melhor maneira de chegar no n\u00facleo accumbens e onde implantar os eletrodos.\n<\/p>\n<p>\u201cA Universidade da Pensilv\u00e2nia \u00e9 uma das universidades que fazem parte da Ivy League, uma das mais importantes nos Estados Unidos. E l\u00e1 n\u00f3s temos um colega, Casey Halpern, e o grupo dele tamb\u00e9m est\u00e1 come\u00e7ando a tocar um projeto similar, mas num grupo espec\u00edfico de obesidade, ent\u00e3o resolvemos fazer um estudo colaborativo\u201d, informou o neurocirurgi\u00e3o Osvaldo Vilela\n<\/p>\n<p>Fonte: Metr\u00f3poles              <\/p>\n<\/div>\n<p><br \/>\n<br \/><a href=\"https:\/\/diariodobrasilnoticias.com.br\/noticia\/procedimento-inedito-paciente-passa-por-cirurgia-cerebral-para-controle-da-obesidade-67e1b1c5df678\">Source link <\/a><\/p>","protected":false},"excerpt":{"rendered":"<p>Ivan dos Santos Ara\u00fajo, 38 anos, passou por uma cirurgia in\u00e9dita na Am\u00e9rica Latina, realizada no Hospital das Cl\u00ednicas da Universidade Federal de Goi\u00e1s (HC-UFG), na \u00faltima ter\u00e7a-feira (18\/3). Ele&hellip;<\/p>","protected":false},"author":1,"featured_media":113602,"comment_status":"closed","ping_status":"open","sticky":false,"template":"","format":"standard","meta":{"content-type":"","footnotes":""},"categories":[16],"tags":[123,2448,5313,1267],"class_list":["post-113601","post","type-post","status-publish","format-standard","has-post-thumbnail","hentry","category-noticias","tag-brasil","tag-diario","tag-noticia","tag-noticias"],"_links":{"self":[{"href":"https:\/\/tvbrazilusa.com\/pt\/wp-json\/wp\/v2\/posts\/113601","targetHints":{"allow":["GET"]}}],"collection":[{"href":"https:\/\/tvbrazilusa.com\/pt\/wp-json\/wp\/v2\/posts"}],"about":[{"href":"https:\/\/tvbrazilusa.com\/pt\/wp-json\/wp\/v2\/types\/post"}],"author":[{"embeddable":true,"href":"https:\/\/tvbrazilusa.com\/pt\/wp-json\/wp\/v2\/users\/1"}],"replies":[{"embeddable":true,"href":"https:\/\/tvbrazilusa.com\/pt\/wp-json\/wp\/v2\/comments?post=113601"}],"version-history":[{"count":1,"href":"https:\/\/tvbrazilusa.com\/pt\/wp-json\/wp\/v2\/posts\/113601\/revisions"}],"predecessor-version":[{"id":113603,"href":"https:\/\/tvbrazilusa.com\/pt\/wp-json\/wp\/v2\/posts\/113601\/revisions\/113603"}],"wp:featuredmedia":[{"embeddable":true,"href":"https:\/\/tvbrazilusa.com\/pt\/wp-json\/wp\/v2\/media\/113602"}],"wp:attachment":[{"href":"https:\/\/tvbrazilusa.com\/pt\/wp-json\/wp\/v2\/media?parent=113601"}],"wp:term":[{"taxonomy":"category","embeddable":true,"href":"https:\/\/tvbrazilusa.com\/pt\/wp-json\/wp\/v2\/categories?post=113601"},{"taxonomy":"post_tag","embeddable":true,"href":"https:\/\/tvbrazilusa.com\/pt\/wp-json\/wp\/v2\/tags?post=113601"}],"curies":[{"name":"wp","href":"https:\/\/api.w.org\/{rel}","templated":true}]}}