{"id":113604,"date":"2025-03-24T22:38:06","date_gmt":"2025-03-24T22:38:06","guid":{"rendered":"https:\/\/tvbrazilusa.com\/2025\/03\/24\/abusos-no-brasil-geram-criticas-internacionais-enquanto-o-congresso-segue-imovel-diante-do-stf\/"},"modified":"2025-03-24T22:38:07","modified_gmt":"2025-03-24T22:38:07","slug":"abusos-no-brasil-geram-criticas-internacionais-enquanto-o-congresso-segue-imovel-diante-do-stf","status":"publish","type":"post","link":"https:\/\/tvbrazilusa.com\/pt\/2025\/03\/24\/abusos-no-brasil-geram-criticas-internacionais-enquanto-o-congresso-segue-imovel-diante-do-stf\/","title":{"rendered":"Abusos no Brasil geram cr\u00edticas internacionais, enquanto o Congresso segue im\u00f3vel diante do STF"},"content":{"rendered":"<p> <script async src=\"https:\/\/pagead2.googlesyndication.com\/pagead\/js\/adsbygoogle.js?client=ca-pub-8864793242727901\"\r\n     crossorigin=\"anonymous\"><\/script><br \/>\n<\/p>\n<div id=\"taboola-read-more\" style=\"display:block; width:100%\">\n<p>Lideran\u00e7as pol\u00edticas internacionais t\u00eam manifestado preocupa\u00e7\u00e3o com a situa\u00e7\u00e3o institucional no Brasil, denunciando abusos de poder e restri\u00e7\u00f5es a liberdades fundamentais. Enquanto isso, o Congresso Nacional permanece inerte diante das decis\u00f5es do Supremo Tribunal Federal (STF), que v\u00eam sendo questionadas por parlamentares da oposi\u00e7\u00e3o e juristas.\n<\/p>\n<p>Nos \u00faltimos meses, representantes diferentes pa\u00edses alertaram para viola\u00e7\u00f5es de direitos e censura no Brasil, externando a necessidade de respostas firmes das institui\u00e7\u00f5es democr\u00e1ticas. O presidente dos Estados Unidos, Donald Trump, tem sido um dos nomes que acompanham de perto o cen\u00e1rio brasileiro, solicitando o cumprimento integral da Constitui\u00e7\u00e3o e do Estado Democr\u00e1tico de Direito.<\/p>\n<p>Al\u00e9m dele, parlamentares europeus e representantes de organiza\u00e7\u00f5es internacionais tamb\u00e9m t\u00eam manifestado preocupa\u00e7\u00e3o com a escalada de medidas que restringem a atua\u00e7\u00e3o da oposi\u00e7\u00e3o e de ve\u00edculos de comunica\u00e7\u00e3o.\n<\/p>\n<p>No Brasil, apesar da crescente press\u00e3o popular, o Congresso tem evitado confrontar diretamente o STF. Propostas legislativas para limitar a atua\u00e7\u00e3o da Corte ou responsabilizar ministros pouco avan\u00e7aram, e pedidos de impeachment contra membros do Supremo seguem paralisados. Parte dos parlamentares argumenta que h\u00e1 uma crise institucional em curso, mas n\u00e3o h\u00e1 consenso sobre como enfrent\u00e1-la sem gerar um embate direto entre os poderes.\n<\/p>\n<p>Fonte: @conexaopoliticabrasil \/ Instagram\u00a0              <\/p>\n<\/div>\n<p><br \/>\n<br \/><a href=\"https:\/\/diariodobrasilnoticias.com.br\/noticia\/abusos-no-brasil-geram-criticas-internacionais-enquanto-o-congresso-segue-imovel-diante-do-stf-67e1b507b2df0\">Source link <\/a><\/p>","protected":false},"excerpt":{"rendered":"<p>Lideran\u00e7as pol\u00edticas internacionais t\u00eam manifestado preocupa\u00e7\u00e3o com a situa\u00e7\u00e3o institucional no Brasil, denunciando abusos de poder e restri\u00e7\u00f5es a liberdades fundamentais. Enquanto isso, o Congresso Nacional permanece inerte diante das&hellip;<\/p>","protected":false},"author":1,"featured_media":113605,"comment_status":"closed","ping_status":"open","sticky":false,"template":"","format":"standard","meta":{"content-type":"","footnotes":""},"categories":[16],"tags":[123,2448,5313,1267],"class_list":["post-113604","post","type-post","status-publish","format-standard","has-post-thumbnail","hentry","category-noticias","tag-brasil","tag-diario","tag-noticia","tag-noticias"],"_links":{"self":[{"href":"https:\/\/tvbrazilusa.com\/pt\/wp-json\/wp\/v2\/posts\/113604","targetHints":{"allow":["GET"]}}],"collection":[{"href":"https:\/\/tvbrazilusa.com\/pt\/wp-json\/wp\/v2\/posts"}],"about":[{"href":"https:\/\/tvbrazilusa.com\/pt\/wp-json\/wp\/v2\/types\/post"}],"author":[{"embeddable":true,"href":"https:\/\/tvbrazilusa.com\/pt\/wp-json\/wp\/v2\/users\/1"}],"replies":[{"embeddable":true,"href":"https:\/\/tvbrazilusa.com\/pt\/wp-json\/wp\/v2\/comments?post=113604"}],"version-history":[{"count":1,"href":"https:\/\/tvbrazilusa.com\/pt\/wp-json\/wp\/v2\/posts\/113604\/revisions"}],"predecessor-version":[{"id":113606,"href":"https:\/\/tvbrazilusa.com\/pt\/wp-json\/wp\/v2\/posts\/113604\/revisions\/113606"}],"wp:featuredmedia":[{"embeddable":true,"href":"https:\/\/tvbrazilusa.com\/pt\/wp-json\/wp\/v2\/media\/113605"}],"wp:attachment":[{"href":"https:\/\/tvbrazilusa.com\/pt\/wp-json\/wp\/v2\/media?parent=113604"}],"wp:term":[{"taxonomy":"category","embeddable":true,"href":"https:\/\/tvbrazilusa.com\/pt\/wp-json\/wp\/v2\/categories?post=113604"},{"taxonomy":"post_tag","embeddable":true,"href":"https:\/\/tvbrazilusa.com\/pt\/wp-json\/wp\/v2\/tags?post=113604"}],"curies":[{"name":"wp","href":"https:\/\/api.w.org\/{rel}","templated":true}]}}