{"id":113607,"date":"2025-03-24T22:50:34","date_gmt":"2025-03-24T22:50:34","guid":{"rendered":"https:\/\/tvbrazilusa.com\/2025\/03\/24\/apos-alteracao-na-composicao-consumidores-dizem-sofrer-reacoes-alergicas-com-pasta-de-dente-colgate\/"},"modified":"2025-03-24T22:50:35","modified_gmt":"2025-03-24T22:50:35","slug":"apos-alteracao-na-composicao-consumidores-dizem-sofrer-reacoes-alergicas-com-pasta-de-dente-colgate","status":"publish","type":"post","link":"https:\/\/tvbrazilusa.com\/pt\/2025\/03\/24\/apos-alteracao-na-composicao-consumidores-dizem-sofrer-reacoes-alergicas-com-pasta-de-dente-colgate\/","title":{"rendered":"Ap\u00f3s altera\u00e7\u00e3o na composi\u00e7\u00e3o, consumidores dizem sofrer rea\u00e7\u00f5es al\u00e9rgicas com pasta de dente Colgate"},"content":{"rendered":"<p> <script async src=\"https:\/\/pagead2.googlesyndication.com\/pagead\/js\/adsbygoogle.js?client=ca-pub-8864793242727901\"\r\n     crossorigin=\"anonymous\"><\/script><br \/>\n<\/p>\n<div id=\"taboola-read-more\" style=\"display:block; width:100%\">\n<p>Consumidores est\u00e3o compartilhando nas redes sociais reclama\u00e7\u00f5es sobre rea\u00e7\u00f5es al\u00e9rgicas ap\u00f3s o uso da pasta de dente Colgate Total Preven\u00e7\u00e3o Ativa. Entre as queixas, os internautas alegam que o produto causou feridas, incha\u00e7o e aftas na boca.\n<\/p>\n<p>No X (antigo Twitter), um internauta contou que sua m\u00e3e ficou com a boca machucada durante 20 dias.<\/p>\n<p>\u201cCaso algu\u00e9m esteja passando por isso, minha m\u00e3e e eu estamos h\u00e1 uns 20 dias com a boca machucada, sentindo dores! Fomos ao dentista, usamos antial\u00e9rgico, anti-inflamat\u00f3rio e n\u00e3o resolveu! S\u00f3 agora descobrimos o motivo: a nova f\u00f3rmula da pasta de dente\u201d, disse um internauta.\u00a0\n<\/p>\n<p>A Ag\u00eancia Nacional de Vigil\u00e2ncia Sanit\u00e1ria (Anvisa) recebeu oito notifica\u00e7\u00f5es envolvendo 13 casos relacionadas a pasta de dente de 1\u00ba de janeiro at\u00e9 19 de mar\u00e7o deste ano. Entre os sintomas, os consumidores alegaram estar com incha\u00e7o (am\u00edgdalas, l\u00e1bios e mucosa oral), ard\u00eancia, dorm\u00eancia, ressecamento (boca), vermelhid\u00e3o (l\u00e1bios e boca) e gengiva sens\u00edvel.\n<\/p>\n<p>No Reclame Aqui, foram registradas 783 reclama\u00e7\u00f5es sobre \u201cm\u00e1 qualidade e alergia\u201d de 1\u00ba de setembro do ano 2024 at\u00e9 28 de setembro deste ano. De acordo com a plataforma, 77,8% das reclama\u00e7\u00f5es foram solucionadas.\n<\/p>\n<p>Embora n\u00e3o tenha recebido reclama\u00e7\u00f5es, o Conselho Federal de Odontologia (CFO) disse que est\u00e1 aguardando informa\u00e7\u00f5es da fabricante para se manifestar.\n<\/p>\n<p><strong>O que diz a Colgate<\/strong><br \/>A Colgate Total Preven\u00e7\u00e3o Ativa foi anunciada pela empresa em outubro do ano passado com uma nova f\u00f3rmula que utiliza fluoreto de estanho. J\u00e1 a linha anterior Colgate Total 12, segundo a empresa, usava fluoreto de s\u00f3dio.\n<\/p>\n<p>Procurada pela EXTRA, a Colgate-Palmolive disse que o fluoreto de estanho \u00e9 \u201cseguro, eficaz e amplamente usado em cremes dentais em todo o mundo\u201d. Segundo a empresa, houve mais de uma d\u00e9cada de pesquisas e testes com consumidores.\n<\/p>\n<p>No entanto, assume que \u201cuma pequena minoria das pessoas pode apresentar sensibilidade a determinados ingredientes \u2014 como fluoreto de estanho, corantes ou sabores\u201d. Para esses consumidores, a Colgate recomenda a paralisa\u00e7\u00e3o do uso do produto para o fim das rea\u00e7\u00f5es. A empresa tamb\u00e9m disponibiliza um canal de atendimento no n\u00famero 0800 703 7722 para esclarecer d\u00favidas dos consumidores.\n<\/p>\n<p>Fonte: Extra              <\/p>\n<\/div>\n<p><br \/>\n<br \/><a href=\"https:\/\/diariodobrasilnoticias.com.br\/noticia\/apos-alteracao-na-composicao-consumidores-dizem-sofrer-reacoes-alergicas-com-pasta-de-dente-colgate-67e1b5a93f493\">Source link <\/a><\/p>","protected":false},"excerpt":{"rendered":"<p>Consumidores est\u00e3o compartilhando nas redes sociais reclama\u00e7\u00f5es sobre rea\u00e7\u00f5es al\u00e9rgicas ap\u00f3s o uso da pasta de dente Colgate Total Preven\u00e7\u00e3o Ativa. Entre as queixas, os internautas alegam que o produto&hellip;<\/p>","protected":false},"author":1,"featured_media":113608,"comment_status":"closed","ping_status":"open","sticky":false,"template":"","format":"standard","meta":{"content-type":"","footnotes":""},"categories":[16],"tags":[123,2448,5313,1267],"class_list":["post-113607","post","type-post","status-publish","format-standard","has-post-thumbnail","hentry","category-noticias","tag-brasil","tag-diario","tag-noticia","tag-noticias"],"_links":{"self":[{"href":"https:\/\/tvbrazilusa.com\/pt\/wp-json\/wp\/v2\/posts\/113607","targetHints":{"allow":["GET"]}}],"collection":[{"href":"https:\/\/tvbrazilusa.com\/pt\/wp-json\/wp\/v2\/posts"}],"about":[{"href":"https:\/\/tvbrazilusa.com\/pt\/wp-json\/wp\/v2\/types\/post"}],"author":[{"embeddable":true,"href":"https:\/\/tvbrazilusa.com\/pt\/wp-json\/wp\/v2\/users\/1"}],"replies":[{"embeddable":true,"href":"https:\/\/tvbrazilusa.com\/pt\/wp-json\/wp\/v2\/comments?post=113607"}],"version-history":[{"count":1,"href":"https:\/\/tvbrazilusa.com\/pt\/wp-json\/wp\/v2\/posts\/113607\/revisions"}],"predecessor-version":[{"id":113609,"href":"https:\/\/tvbrazilusa.com\/pt\/wp-json\/wp\/v2\/posts\/113607\/revisions\/113609"}],"wp:featuredmedia":[{"embeddable":true,"href":"https:\/\/tvbrazilusa.com\/pt\/wp-json\/wp\/v2\/media\/113608"}],"wp:attachment":[{"href":"https:\/\/tvbrazilusa.com\/pt\/wp-json\/wp\/v2\/media?parent=113607"}],"wp:term":[{"taxonomy":"category","embeddable":true,"href":"https:\/\/tvbrazilusa.com\/pt\/wp-json\/wp\/v2\/categories?post=113607"},{"taxonomy":"post_tag","embeddable":true,"href":"https:\/\/tvbrazilusa.com\/pt\/wp-json\/wp\/v2\/tags?post=113607"}],"curies":[{"name":"wp","href":"https:\/\/api.w.org\/{rel}","templated":true}]}}