{"id":11367,"date":"2024-07-29T15:00:46","date_gmt":"2024-07-29T15:00:46","guid":{"rendered":"https:\/\/tvbrazilusa.com\/2024\/07\/29\/autoridades-norte-coreanas-buscam-medicamentos-para-problemas-de-saude-de-kim-relacionados-a-obesidade-diz-seul\/"},"modified":"2024-07-29T15:20:41","modified_gmt":"2024-07-29T15:20:41","slug":"autoridades-norte-coreanas-buscam-medicamentos-para-problemas-de-saude-de-kim-relacionados-a-obesidade-diz-seul","status":"publish","type":"post","link":"https:\/\/tvbrazilusa.com\/pt\/2024\/07\/29\/autoridades-norte-coreanas-buscam-medicamentos-para-problemas-de-saude-de-kim-relacionados-a-obesidade-diz-seul\/","title":{"rendered":"Autoridades norte-coreanas buscam medicamentos para problemas de sa\u00fade de Kim relacionados \u00e0 obesidade, diz Seul"},"content":{"rendered":"<script async src=\"https:\/\/pagead2.googlesyndication.com\/pagead\/js\/adsbygoogle.js?client=ca-pub-8864793242727901\"\r\n     crossorigin=\"anonymous\"><\/script>\n<div id=\"\">\n<p class=\"dist__Box-sc-1fnzlkn-0 dist__TextBase-sc-1fnzlkn-3 CGHCP htMUPQ article-text\"><strong>SEUL<\/strong> \u2013 O l\u00edder norte-coreano Kim Jong Un recuperou o peso e parece ter problemas de sa\u00fade relacionados \u00e0 obesidade, como press\u00e3o alta e diabetes, e seus funcion\u00e1rios est\u00e3o procurando novos medicamentos no exterior para trat\u00e1-los, informou a ag\u00eancia de espionagem da Coreia do Sul aos legisladores na segunda-feira.<\/p>\n<p class=\"dist__Box-sc-1fnzlkn-0 dist__TextBase-sc-1fnzlkn-3 CGHCP htMUPQ article-text\">Kim, de 40 anos, conhecido por beber muito e fumar, vem de uma fam\u00edlia com hist\u00f3rico de problemas card\u00edacos. Tanto seu pai quanto seu av\u00f4, que governaram a Coreia do Norte antes de sua morte em 2011, <a href=\"https:\/\/apnews.com\/article\/space-launches-diplomacy-donald-trump-seoul-south-korea-7c8486c74784813d3f050f5ebc5ad5d8\">heran\u00e7a de poder,<\/a> morreu de problemas card\u00edacos.<\/p>\n<p class=\"dist__Box-sc-1fnzlkn-0 dist__TextBase-sc-1fnzlkn-3 CGHCP htMUPQ article-text\">Alguns observadores disseram que Kim, que tem cerca de 170 cent\u00edmetros (5 p\u00e9s e 8 polegadas) de altura e pesava anteriormente 140 quilos (308 libras), parecia ter perdido muito peso em 2021. <a href=\"https:\/\/apnews.com\/article\/coronavirus-pandemic-health-lifestyle-effd61316feab540d6eb1922935ba1e2\">provavelmente por mudar sua dieta<\/a>. Mas imagens recentes da m\u00eddia estatal mostram que ele recuperou o peso.<\/p>\n<p class=\"dist__Box-sc-1fnzlkn-0 dist__TextBase-sc-1fnzlkn-3 CGHCP htMUPQ article-text\">Na segunda-feira, o Servi\u00e7o Nacional de Intelig\u00eancia, a principal ag\u00eancia de espionagem da Coreia do Sul, disse aos legisladores em uma entrevista coletiva a portas fechadas que Kim deve pesar cerca de 140 quilos novamente e pertence a um grupo de alto risco para doen\u00e7as card\u00edacas, de acordo com Lee Seong Kweun, um dos legisladores.<\/p>\n<p class=\"dist__Box-sc-1fnzlkn-0 dist__TextBase-sc-1fnzlkn-3 CGHCP htMUPQ article-text\">Lee disse que o NIS informou aos legisladores que Kim tem apresentado sintomas de press\u00e3o alta e diabetes desde os seus 30 anos. Outro legislador, Park Sunwon, disse que o NIS acredita que a obesidade de Kim est\u00e1 ligada \u00e0 bebida, ao fumo e ao estresse.<\/p>\n<p class=\"dist__Box-sc-1fnzlkn-0 dist__TextBase-sc-1fnzlkn-3 CGHCP htMUPQ article-text\">Lee e Park citaram o NIS dizendo que obteve informa\u00e7\u00f5es de que autoridades norte-coreanas estavam tentando levar novos medicamentos para o exterior para a suspeita de press\u00e3o alta e diabetes de Kim.<\/p>\n<p class=\"dist__Box-sc-1fnzlkn-0 dist__TextBase-sc-1fnzlkn-3 CGHCP htMUPQ article-text\">A Coreia do Norte \u00e9 um dos pa\u00edses mais secretos do mundo, e n\u00e3o h\u00e1 praticamente nenhuma maneira de pessoas de fora saberem as condi\u00e7\u00f5es exatas de sa\u00fade de Kim. O NIS tamb\u00e9m tem um hist\u00f3rico irregular em confirmar desenvolvimentos na Coreia do Norte.<\/p>\n<p class=\"dist__Box-sc-1fnzlkn-0 dist__TextBase-sc-1fnzlkn-3 CGHCP htMUPQ article-text\">A sa\u00fade de Kim \u00e9 o foco de muita aten\u00e7\u00e3o fora da Coreia do Norte, j\u00e1 que ele n\u00e3o nomeou formalmente um sucessor que assumiria o comando do arsenal nuclear do pa\u00eds, que tem como alvo os Estados Unidos e seus aliados, caso ele ficasse incapacitado.<\/p>\n<p class=\"dist__Box-sc-1fnzlkn-0 dist__TextBase-sc-1fnzlkn-3 CGHCP htMUPQ article-text\">O NIS, em seu briefing de segunda-feira, tamb\u00e9m manteve sua avalia\u00e7\u00e3o de que a filha pr\u00e9-adolescente de Kim, supostamente chamada <a href=\"https:\/\/apnews.com\/article\/north-korea-kim-daughter-successor-ju-ae-8310af9bfb68ca352d3c9445da94b242\">Kim Ju Ae,<\/a> provavelmente est\u00e1 refor\u00e7ando seu status como herdeira aparente de seu pai. Mas o NIS disse que n\u00e3o pode descartar a possibilidade de que ela possa ser substitu\u00edda por um de seus irm\u00e3os porque ela n\u00e3o foi oficialmente designada como sucessora de seu pai.<\/p>\n<p class=\"dist__Box-sc-1fnzlkn-0 dist__TextBase-sc-1fnzlkn-3 CGHCP htMUPQ article-text\">As especula\u00e7\u00f5es sobre Kim Ju Ae, que tem cerca de 10 anos, aumentaram quando ela acompanhou o pai em eventos de alto n\u00edvel. <a href=\"https:\/\/apnews.com\/article\/seoul-south-korea-north-government-and-politics-ac84375a3eaf8b79cf2971c1918f91ae\">eventos p\u00fablicos<\/a> come\u00e7ando no final de 2022. A m\u00eddia estatal a chamou de filha \u201cmais amada\u201d ou \u201crespeitada\u201d de Kim Jong Un e produziu filmagens e fotos <a href=\"https:\/\/apnews.com\/article\/politics-united-states-government-north-korea-kim-il-sung-south-21b6be44ee339ee107a3cd5ff58dc278\">provando sua crescente posi\u00e7\u00e3o pol\u00edtica<\/a> e proximidade com seu pai.<\/p>\n<p class=\"dist__Box-sc-1fnzlkn-0 dist__TextBase-sc-1fnzlkn-3 CGHCP htMUPQ article-text\">O NIS disse aos legisladores que pelo menos 60% das atividades p\u00fablicas de Kim Ju Ae envolveram a participa\u00e7\u00e3o em eventos militares com seu pai.<\/p>\n<\/div>\n<p>Copyright 2024 The Associated Press. Todos os direitos reservados. Este material n\u00e3o pode ser publicado, transmitido, reescrito ou redistribu\u00eddo sem permiss\u00e3o.<\/p>\n<p><br \/>\n<br \/><a href=\"https:\/\/www.clickorlando.com\/news\/world\/2024\/07\/29\/north-korean-officials-seek-medicines-for-kims-obesity-related-health-problems-seoul-says\/\">Source link <\/a><\/p>","protected":false},"excerpt":{"rendered":"<p>SEUL \u2013 O l\u00edder norte-coreano Kim Jong Un recuperou o peso e parece ter problemas de sa\u00fade relacionados \u00e0 obesidade, como press\u00e3o alta e diabetes, e seus funcion\u00e1rios est\u00e3o procurando&hellip;<\/p>","protected":false},"author":1,"featured_media":11368,"comment_status":"closed","ping_status":"open","sticky":false,"template":"","format":"standard","meta":{"content-type":"","footnotes":""},"categories":[1],"tags":[3992,1419],"class_list":["post-11367","post","type-post","status-publish","format-standard","has-post-thumbnail","hentry","category-uncategorized","tag-kim-jong-un","tag-noticias-do-mundo"],"_links":{"self":[{"href":"https:\/\/tvbrazilusa.com\/pt\/wp-json\/wp\/v2\/posts\/11367","targetHints":{"allow":["GET"]}}],"collection":[{"href":"https:\/\/tvbrazilusa.com\/pt\/wp-json\/wp\/v2\/posts"}],"about":[{"href":"https:\/\/tvbrazilusa.com\/pt\/wp-json\/wp\/v2\/types\/post"}],"author":[{"embeddable":true,"href":"https:\/\/tvbrazilusa.com\/pt\/wp-json\/wp\/v2\/users\/1"}],"replies":[{"embeddable":true,"href":"https:\/\/tvbrazilusa.com\/pt\/wp-json\/wp\/v2\/comments?post=11367"}],"version-history":[{"count":1,"href":"https:\/\/tvbrazilusa.com\/pt\/wp-json\/wp\/v2\/posts\/11367\/revisions"}],"predecessor-version":[{"id":11369,"href":"https:\/\/tvbrazilusa.com\/pt\/wp-json\/wp\/v2\/posts\/11367\/revisions\/11369"}],"wp:featuredmedia":[{"embeddable":true,"href":"https:\/\/tvbrazilusa.com\/pt\/wp-json\/wp\/v2\/media\/11368"}],"wp:attachment":[{"href":"https:\/\/tvbrazilusa.com\/pt\/wp-json\/wp\/v2\/media?parent=11367"}],"wp:term":[{"taxonomy":"category","embeddable":true,"href":"https:\/\/tvbrazilusa.com\/pt\/wp-json\/wp\/v2\/categories?post=11367"},{"taxonomy":"post_tag","embeddable":true,"href":"https:\/\/tvbrazilusa.com\/pt\/wp-json\/wp\/v2\/tags?post=11367"}],"curies":[{"name":"wp","href":"https:\/\/api.w.org\/{rel}","templated":true}]}}