{"id":113765,"date":"2025-03-25T14:38:18","date_gmt":"2025-03-25T14:38:18","guid":{"rendered":"https:\/\/tvbrazilusa.com\/2025\/03\/25\/gilmar-mendes-afirma-que-o-judiciario-enfrenta-uma-desordem-devido-aos-supersalarios\/"},"modified":"2025-03-25T14:38:21","modified_gmt":"2025-03-25T14:38:21","slug":"gilmar-mendes-afirma-que-o-judiciario-enfrenta-uma-desordem-devido-aos-supersalarios","status":"publish","type":"post","link":"https:\/\/tvbrazilusa.com\/pt\/2025\/03\/25\/gilmar-mendes-afirma-que-o-judiciario-enfrenta-uma-desordem-devido-aos-supersalarios\/","title":{"rendered":"Gilmar Mendes afirma que o Judici\u00e1rio enfrenta uma &#8216;desordem&#8217; devido aos supersal\u00e1rios"},"content":{"rendered":"<p> <script async src=\"https:\/\/pagead2.googlesyndication.com\/pagead\/js\/adsbygoogle.js?client=ca-pub-8864793242727901\"\r\n     crossorigin=\"anonymous\"><\/script><br \/>\n<\/p>\n<div>\n<figure class=\"post-image\">\n<\/figure>\n<p>            <span style=\"font-size: 12px\">Reprodu\u00e7\u00e3o<\/span><\/p>\n<p>            <!-- end metas --><br \/>\n            <!-- ADS --><\/p>\n<div id=\"taboola-read-more\" style=\"display:block; width:100%\">\n<p>O ministro do STF (Supremo Tribunal Federal) Gilmar Mendes defendeu, nesta segunda-feira (24), a necessidade de regulamenta\u00e7\u00e3o dos chamados supersal\u00e1rios no Judici\u00e1rio. O magistrado classificou a situa\u00e7\u00e3o como um \u201cquadro de verdadeira desordem\u201d.\n<\/p>\n<p>Em evento promovido pela Fiesp (Federa\u00e7\u00e3o das Ind\u00fastrias do Estado de S\u00e3o Paulo) e pela CNI (Confedera\u00e7\u00e3o Nacional da Ind\u00fastria), Mendes tamb\u00e9m criticou o excesso de benef\u00edcios adicionais, conhecidos como \u201cpenduricalhos\u201d.<\/p>\n<p>\u201c\u00c9 fundamental que se debata essa quest\u00e3o [remunera\u00e7\u00e3o no Judici\u00e1rio]. Estamos vivendo um cen\u00e1rio de verdadeira desordem, com jornais noticiando constantemente novos adicionais e gratifica\u00e7\u00f5es. \u00c9 necess\u00e1rio estabelecer regras claras para isso\u201d, afirmou o ministro.\n<\/p>\n<p>O site Poder360 mostrou em fevereiro que, em 2024, os tribunais pagaram 63.816 sal\u00e1rios mensais brutos acima de R$ 100 mil.\n<\/p>\n<p>Esses montantes foram pagos porque, al\u00e9m dos sal\u00e1rios, alguns funcion\u00e1rios do Judici\u00e1rio recebem indeniza\u00e7\u00f5es, direitos eventuais e aux\u00edlios diversos. Esses chamados penduricalhos permitiram em 2024 que as remunera\u00e7\u00f5es mensais chegassem a valores de mais de R$ 1 milh\u00e3o em 28 casos.\n<\/p>\n<p>Com informa\u00e7\u00f5es de Poder 360              <\/p>\n<\/div>\n<p>                        <!-- Scripts para conteudo --><\/p>\n<p>            <!-- .\/Scripts para conteudo --><br \/>\n            <!-- .\/Mat\u00e9ria --><\/p>\n<div class=\"row mt-3\">\n<div class=\"col-sm-6\">\n                <!-- Whatsapp channel 3--><br \/>\n                <a href=\"https:\/\/chat.whatsapp.com\/B8Qy6Erx4kb6yTzj3kaDco\" target=\"_blank\"><br \/>\n                  <img decoding=\"async\" src=\"https:\/\/diariodobrasilnoticias.com.br\/assets-site\/images\/bot_whatsapp.png\"\/><\/a>\n              <\/div>\n<div class=\"col-sm-6\">\n                <a href=\"https:\/\/t.me\/+_4gTmi5LKo03OTM5\" target=\"_blank\"><br \/>\n                  <img decoding=\"async\" src=\"https:\/\/diariodobrasilnoticias.com.br\/assets-site\/images\/bot_telegram.png\"\/><\/a>\n              <\/div>\n<\/p><\/div>\n<p>            <!-- end post-navigation --><\/p>\n<p>              <!-- end row --><\/p>\n<p>              <!-- end col-12-->\n                      <\/div>\n<p><br \/>\n<br \/><a href=\"https:\/\/diariodobrasilnoticias.com.br\/noticia\/gilmar-mendes-afirma-que-o-judiciario-enfrenta-uma-desordem-devido-aos-supersalarios-67e2ab9babb9d\">Source link <\/a><\/p>","protected":false},"excerpt":{"rendered":"<p>Reprodu\u00e7\u00e3o O ministro do STF (Supremo Tribunal Federal) Gilmar Mendes defendeu, nesta segunda-feira (24), a necessidade de regulamenta\u00e7\u00e3o dos chamados supersal\u00e1rios no Judici\u00e1rio. O magistrado classificou a situa\u00e7\u00e3o como um&hellip;<\/p>","protected":false},"author":1,"featured_media":113766,"comment_status":"closed","ping_status":"open","sticky":false,"template":"","format":"standard","meta":{"content-type":"","footnotes":""},"categories":[16],"tags":[123,2448,5313,1267],"class_list":["post-113765","post","type-post","status-publish","format-standard","has-post-thumbnail","hentry","category-noticias","tag-brasil","tag-diario","tag-noticia","tag-noticias"],"_links":{"self":[{"href":"https:\/\/tvbrazilusa.com\/pt\/wp-json\/wp\/v2\/posts\/113765","targetHints":{"allow":["GET"]}}],"collection":[{"href":"https:\/\/tvbrazilusa.com\/pt\/wp-json\/wp\/v2\/posts"}],"about":[{"href":"https:\/\/tvbrazilusa.com\/pt\/wp-json\/wp\/v2\/types\/post"}],"author":[{"embeddable":true,"href":"https:\/\/tvbrazilusa.com\/pt\/wp-json\/wp\/v2\/users\/1"}],"replies":[{"embeddable":true,"href":"https:\/\/tvbrazilusa.com\/pt\/wp-json\/wp\/v2\/comments?post=113765"}],"version-history":[{"count":1,"href":"https:\/\/tvbrazilusa.com\/pt\/wp-json\/wp\/v2\/posts\/113765\/revisions"}],"predecessor-version":[{"id":113767,"href":"https:\/\/tvbrazilusa.com\/pt\/wp-json\/wp\/v2\/posts\/113765\/revisions\/113767"}],"wp:featuredmedia":[{"embeddable":true,"href":"https:\/\/tvbrazilusa.com\/pt\/wp-json\/wp\/v2\/media\/113766"}],"wp:attachment":[{"href":"https:\/\/tvbrazilusa.com\/pt\/wp-json\/wp\/v2\/media?parent=113765"}],"wp:term":[{"taxonomy":"category","embeddable":true,"href":"https:\/\/tvbrazilusa.com\/pt\/wp-json\/wp\/v2\/categories?post=113765"},{"taxonomy":"post_tag","embeddable":true,"href":"https:\/\/tvbrazilusa.com\/pt\/wp-json\/wp\/v2\/tags?post=113765"}],"curies":[{"name":"wp","href":"https:\/\/api.w.org\/{rel}","templated":true}]}}