{"id":113774,"date":"2025-03-25T15:03:43","date_gmt":"2025-03-25T15:03:43","guid":{"rendered":"https:\/\/tvbrazilusa.com\/2025\/03\/25\/avo-e-neta-sao-encontradas-mortas-em-casa-ao-lado-de-mensagem-de-desculpa\/"},"modified":"2025-03-25T15:03:48","modified_gmt":"2025-03-25T15:03:48","slug":"avo-e-neta-sao-encontradas-mortas-em-casa-ao-lado-de-mensagem-de-desculpa","status":"publish","type":"post","link":"https:\/\/tvbrazilusa.com\/pt\/2025\/03\/25\/avo-e-neta-sao-encontradas-mortas-em-casa-ao-lado-de-mensagem-de-desculpa\/","title":{"rendered":"Av\u00f3 e neta s\u00e3o encontradas mortas em casa ao lado de mensagem de desculpa"},"content":{"rendered":"<p> <script async src=\"https:\/\/pagead2.googlesyndication.com\/pagead\/js\/adsbygoogle.js?client=ca-pub-8864793242727901\"\r\n     crossorigin=\"anonymous\"><\/script><br \/>\n<\/p>\n<div>\n<figure class=\"post-image\">\n<\/figure>\n<p>            <span style=\"font-size: 12px\">Reprodu\u00e7\u00e3o<\/span><\/p>\n<p>            <!-- end metas --><br \/>\n            <!-- ADS --><\/p>\n<div id=\"taboola-read-more\" style=\"display:block; width:100%\">\n<p>A aposentada Marley Gomes de Almeida, de 53 anos, e a neta, Ana Carolina de Almeida Anacleto, de 12 anos, foram encontradas mortas com as m\u00e3os amarradas na resid\u00eancia da av\u00f3 em Jataizinho, interior do Paran\u00e1. Elas foram assassinadas com facadas no pesco\u00e7o e o criminoso deixou uma marca de sangue na parede do quarto, escrito: \u201cdesculpa, m\u00e3e. Marcos.\u201d\n<\/p>\n<div class=\"zox-post-info-wrap\">\n<div class=\"zox-post-byline-wrap zox-post-byline-date\">\n<div class=\"zox-author-info-wrap\">\n<p>Ana Carolina foi dormir na casa da av\u00f3 para fazer companhia para ela e as duas acabaram mortas. Os corpos foram encontrados por um dos filhos de Marley, e o caso chocou o interior do Paran\u00e1.<\/p>\n<\/div>\n<\/div>\n<\/div>\n<p>Em entrevista ao SBT, Celso, pai do padrasto de Ana Carolina e av\u00f4 de considera\u00e7\u00e3o, relatou que a menina era educada e inteligente. \u201cQue maldade que tem uma crian\u00e7a de doze anos?\u201d, questionou.<\/p>\n<p>O port\u00e3o e as portas do im\u00f3vel n\u00e3o tinham sinais de arrombamento. A Pol\u00edcia Militar recebeu algumas informa\u00e7\u00f5es por meio de den\u00fancias e o caso segue em investiga\u00e7\u00e3o.\n<\/p>\n<p>Fonte: SBT News              <\/p>\n<\/div>\n<p>                        <!-- Scripts para conteudo --><\/p>\n<p>            <!-- .\/Scripts para conteudo --><br \/>\n            <!-- .\/Mat\u00e9ria --><\/p>\n<div class=\"row mt-3\">\n<div class=\"col-sm-6\">\n                <!-- Whatsapp channel 3--><br \/>\n                <a href=\"https:\/\/chat.whatsapp.com\/B8Qy6Erx4kb6yTzj3kaDco\" target=\"_blank\"><br \/>\n                  <img decoding=\"async\" src=\"https:\/\/diariodobrasilnoticias.com.br\/assets-site\/images\/bot_whatsapp.png\"\/><\/a>\n              <\/div>\n<div class=\"col-sm-6\">\n                <a href=\"https:\/\/t.me\/+_4gTmi5LKo03OTM5\" target=\"_blank\"><br \/>\n                  <img decoding=\"async\" src=\"https:\/\/diariodobrasilnoticias.com.br\/assets-site\/images\/bot_telegram.png\"\/><\/a>\n              <\/div>\n<\/p><\/div>\n<p>            <!-- end post-navigation --><\/p>\n<p>              <!-- end row --><\/p>\n<p>              <!-- end col-12-->\n                      <\/div>\n<p><br \/>\n<br \/><a href=\"https:\/\/diariodobrasilnoticias.com.br\/noticia\/avo-e-neta-sao-encontradas-mortas-em-casa-ao-lado-de-mensagem-de-desculpa-67e2acce1b5bf\">Source link <\/a><\/p>","protected":false},"excerpt":{"rendered":"<p>Reprodu\u00e7\u00e3o A aposentada Marley Gomes de Almeida, de 53 anos, e a neta, Ana Carolina de Almeida Anacleto, de 12 anos, foram encontradas mortas com as m\u00e3os amarradas na resid\u00eancia&hellip;<\/p>","protected":false},"author":1,"featured_media":113775,"comment_status":"closed","ping_status":"open","sticky":false,"template":"","format":"standard","meta":{"content-type":"","footnotes":""},"categories":[16],"tags":[123,2448,5313,1267],"class_list":["post-113774","post","type-post","status-publish","format-standard","has-post-thumbnail","hentry","category-noticias","tag-brasil","tag-diario","tag-noticia","tag-noticias"],"_links":{"self":[{"href":"https:\/\/tvbrazilusa.com\/pt\/wp-json\/wp\/v2\/posts\/113774","targetHints":{"allow":["GET"]}}],"collection":[{"href":"https:\/\/tvbrazilusa.com\/pt\/wp-json\/wp\/v2\/posts"}],"about":[{"href":"https:\/\/tvbrazilusa.com\/pt\/wp-json\/wp\/v2\/types\/post"}],"author":[{"embeddable":true,"href":"https:\/\/tvbrazilusa.com\/pt\/wp-json\/wp\/v2\/users\/1"}],"replies":[{"embeddable":true,"href":"https:\/\/tvbrazilusa.com\/pt\/wp-json\/wp\/v2\/comments?post=113774"}],"version-history":[{"count":1,"href":"https:\/\/tvbrazilusa.com\/pt\/wp-json\/wp\/v2\/posts\/113774\/revisions"}],"predecessor-version":[{"id":113776,"href":"https:\/\/tvbrazilusa.com\/pt\/wp-json\/wp\/v2\/posts\/113774\/revisions\/113776"}],"wp:featuredmedia":[{"embeddable":true,"href":"https:\/\/tvbrazilusa.com\/pt\/wp-json\/wp\/v2\/media\/113775"}],"wp:attachment":[{"href":"https:\/\/tvbrazilusa.com\/pt\/wp-json\/wp\/v2\/media?parent=113774"}],"wp:term":[{"taxonomy":"category","embeddable":true,"href":"https:\/\/tvbrazilusa.com\/pt\/wp-json\/wp\/v2\/categories?post=113774"},{"taxonomy":"post_tag","embeddable":true,"href":"https:\/\/tvbrazilusa.com\/pt\/wp-json\/wp\/v2\/tags?post=113774"}],"curies":[{"name":"wp","href":"https:\/\/api.w.org\/{rel}","templated":true}]}}