{"id":113797,"date":"2025-03-25T16:15:32","date_gmt":"2025-03-25T16:15:32","guid":{"rendered":"https:\/\/tvbrazilusa.com\/2025\/03\/25\/desembargador-sebastiao-coelho-e-proibido-de-entrar-na-sessao-de-julgamento-de-bolsonaro-e-grita-interrompendo-a-leitura-de-moraes-veja-video\/"},"modified":"2025-03-25T16:15:34","modified_gmt":"2025-03-25T16:15:34","slug":"desembargador-sebastiao-coelho-e-proibido-de-entrar-na-sessao-de-julgamento-de-bolsonaro-e-grita-interrompendo-a-leitura-de-moraes-veja-video","status":"publish","type":"post","link":"https:\/\/tvbrazilusa.com\/pt\/2025\/03\/25\/desembargador-sebastiao-coelho-e-proibido-de-entrar-na-sessao-de-julgamento-de-bolsonaro-e-grita-interrompendo-a-leitura-de-moraes-veja-video\/","title":{"rendered":"Desembargador Sebasti\u00e3o Coelho \u00e9 proibido de entrar na sess\u00e3o de julgamento de Bolsonaro e grita, interrompendo a leitura de Moraes; VEJA V\u00cdDEO"},"content":{"rendered":"<p> <script async src=\"https:\/\/pagead2.googlesyndication.com\/pagead\/js\/adsbygoogle.js?client=ca-pub-8864793242727901\"\r\n     crossorigin=\"anonymous\"><\/script><br \/>\n<\/p>\n<div id=\"taboola-read-more\" style=\"display:block; width:100%\">\n<p>O desembargador Sebasti\u00e3o Coelho tentou entrar no julgamento, mas n\u00e3o foi autorizado. Ele chegou a subir para o 3\u00ba andar, onde fica a Primeira Turma e gritou em frente ao plen\u00e1rio o que fez o ministro Alexandre de Moraes interromper brevemente a leitura do relat\u00f3rio.\n<\/p>\n<p>Em seguida, o desembargador foi retirado da Turma. De acordo com o STF, Sebasti\u00e3o Coelho n\u00e3o se credenciou previamente para participar do julgamento da den\u00fancia e havia orienta\u00e7\u00e3o de credenciamento pr\u00e9vio por parte de advogados.<\/p>\n<p>ASSISTA:\n<\/p>\n<p>Fonte: Metr\u00f3poles              <\/p>\n<\/div>\n<p><br \/>\n<br \/><a href=\"https:\/\/diariodobrasilnoticias.com.br\/noticia\/desembargador-sebastiao-coelho-e-proibido-de-entrar-na-sessao-de-julgamento-de-bolsonaro-e-grita-interrompendo-a-leitura-de-moraes-veja-video-67e2b3cb7fb08\">Source link <\/a><\/p>","protected":false},"excerpt":{"rendered":"<p>O desembargador Sebasti\u00e3o Coelho tentou entrar no julgamento, mas n\u00e3o foi autorizado. Ele chegou a subir para o 3\u00ba andar, onde fica a Primeira Turma e gritou em frente ao&hellip;<\/p>","protected":false},"author":1,"featured_media":113798,"comment_status":"closed","ping_status":"open","sticky":false,"template":"","format":"standard","meta":{"content-type":"","footnotes":""},"categories":[16],"tags":[123,2448,5313,1267],"class_list":["post-113797","post","type-post","status-publish","format-standard","has-post-thumbnail","hentry","category-noticias","tag-brasil","tag-diario","tag-noticia","tag-noticias"],"_links":{"self":[{"href":"https:\/\/tvbrazilusa.com\/pt\/wp-json\/wp\/v2\/posts\/113797","targetHints":{"allow":["GET"]}}],"collection":[{"href":"https:\/\/tvbrazilusa.com\/pt\/wp-json\/wp\/v2\/posts"}],"about":[{"href":"https:\/\/tvbrazilusa.com\/pt\/wp-json\/wp\/v2\/types\/post"}],"author":[{"embeddable":true,"href":"https:\/\/tvbrazilusa.com\/pt\/wp-json\/wp\/v2\/users\/1"}],"replies":[{"embeddable":true,"href":"https:\/\/tvbrazilusa.com\/pt\/wp-json\/wp\/v2\/comments?post=113797"}],"version-history":[{"count":1,"href":"https:\/\/tvbrazilusa.com\/pt\/wp-json\/wp\/v2\/posts\/113797\/revisions"}],"predecessor-version":[{"id":113799,"href":"https:\/\/tvbrazilusa.com\/pt\/wp-json\/wp\/v2\/posts\/113797\/revisions\/113799"}],"wp:featuredmedia":[{"embeddable":true,"href":"https:\/\/tvbrazilusa.com\/pt\/wp-json\/wp\/v2\/media\/113798"}],"wp:attachment":[{"href":"https:\/\/tvbrazilusa.com\/pt\/wp-json\/wp\/v2\/media?parent=113797"}],"wp:term":[{"taxonomy":"category","embeddable":true,"href":"https:\/\/tvbrazilusa.com\/pt\/wp-json\/wp\/v2\/categories?post=113797"},{"taxonomy":"post_tag","embeddable":true,"href":"https:\/\/tvbrazilusa.com\/pt\/wp-json\/wp\/v2\/tags?post=113797"}],"curies":[{"name":"wp","href":"https:\/\/api.w.org\/{rel}","templated":true}]}}