{"id":113803,"date":"2025-03-25T16:43:06","date_gmt":"2025-03-25T16:43:06","guid":{"rendered":"https:\/\/tvbrazilusa.com\/2025\/03\/25\/veja-momento-em-que-o-dr-sebastiao-coelho-advogado-de-felipe-martins-e-barrado-no-stf-assista\/"},"modified":"2025-03-25T16:43:10","modified_gmt":"2025-03-25T16:43:10","slug":"veja-momento-em-que-o-dr-sebastiao-coelho-advogado-de-felipe-martins-e-barrado-no-stf-assista","status":"publish","type":"post","link":"https:\/\/tvbrazilusa.com\/pt\/2025\/03\/25\/veja-momento-em-que-o-dr-sebastiao-coelho-advogado-de-felipe-martins-e-barrado-no-stf-assista\/","title":{"rendered":"Veja momento em que o Dr. Sebasti\u00e3o Coelho, advogado de Felipe Martins, \u00e9 barrado no STF; ASSISTA"},"content":{"rendered":"<p> <script async src=\"https:\/\/pagead2.googlesyndication.com\/pagead\/js\/adsbygoogle.js?client=ca-pub-8864793242727901\"\r\n     crossorigin=\"anonymous\"><\/script><br \/>\n<\/p>\n<div id=\"taboola-read-more\" style=\"display:block; width:100%\">\n<p>No Supremo Tribunal Federal (STF), o advogado Dr. Sebasti\u00e3o Coelho, que representa Felipe Martins, foi barrado enquanto tentava adentrar a Corte.\u00a0A situa\u00e7\u00e3o chamou aten\u00e7\u00e3o por envolver figuras pol\u00edticas e o questionamento sobre o acesso dos advogados a certos processos, especialmente em momentos delicados de julgamento.\n<\/p>\n<p>ASSISTA:<\/p>\n<p>Fonte: Reprodu\u00e7\u00e3o\/Redes Sociais              <\/p>\n<\/div>\n<p><br \/>\n<br \/><a href=\"https:\/\/diariodobrasilnoticias.com.br\/noticia\/veja-momento-em-que-o-dr-sebastiao-coelho-advogado-de-felipe-martins-e-barrado-no-stf-assista-67e2b6dfd47b1\">Source link <\/a><\/p>","protected":false},"excerpt":{"rendered":"<p>No Supremo Tribunal Federal (STF), o advogado Dr. Sebasti\u00e3o Coelho, que representa Felipe Martins, foi barrado enquanto tentava adentrar a Corte.\u00a0A situa\u00e7\u00e3o chamou aten\u00e7\u00e3o por envolver figuras pol\u00edticas e o&hellip;<\/p>","protected":false},"author":1,"featured_media":113804,"comment_status":"closed","ping_status":"open","sticky":false,"template":"","format":"standard","meta":{"content-type":"","footnotes":""},"categories":[16],"tags":[123,2448,5313,1267],"class_list":["post-113803","post","type-post","status-publish","format-standard","has-post-thumbnail","hentry","category-noticias","tag-brasil","tag-diario","tag-noticia","tag-noticias"],"_links":{"self":[{"href":"https:\/\/tvbrazilusa.com\/pt\/wp-json\/wp\/v2\/posts\/113803","targetHints":{"allow":["GET"]}}],"collection":[{"href":"https:\/\/tvbrazilusa.com\/pt\/wp-json\/wp\/v2\/posts"}],"about":[{"href":"https:\/\/tvbrazilusa.com\/pt\/wp-json\/wp\/v2\/types\/post"}],"author":[{"embeddable":true,"href":"https:\/\/tvbrazilusa.com\/pt\/wp-json\/wp\/v2\/users\/1"}],"replies":[{"embeddable":true,"href":"https:\/\/tvbrazilusa.com\/pt\/wp-json\/wp\/v2\/comments?post=113803"}],"version-history":[{"count":1,"href":"https:\/\/tvbrazilusa.com\/pt\/wp-json\/wp\/v2\/posts\/113803\/revisions"}],"predecessor-version":[{"id":113805,"href":"https:\/\/tvbrazilusa.com\/pt\/wp-json\/wp\/v2\/posts\/113803\/revisions\/113805"}],"wp:featuredmedia":[{"embeddable":true,"href":"https:\/\/tvbrazilusa.com\/pt\/wp-json\/wp\/v2\/media\/113804"}],"wp:attachment":[{"href":"https:\/\/tvbrazilusa.com\/pt\/wp-json\/wp\/v2\/media?parent=113803"}],"wp:term":[{"taxonomy":"category","embeddable":true,"href":"https:\/\/tvbrazilusa.com\/pt\/wp-json\/wp\/v2\/categories?post=113803"},{"taxonomy":"post_tag","embeddable":true,"href":"https:\/\/tvbrazilusa.com\/pt\/wp-json\/wp\/v2\/tags?post=113803"}],"curies":[{"name":"wp","href":"https:\/\/api.w.org\/{rel}","templated":true}]}}