{"id":113806,"date":"2025-03-25T16:58:58","date_gmt":"2025-03-25T16:58:58","guid":{"rendered":"https:\/\/tvbrazilusa.com\/2025\/03\/25\/apos-ser-vitima-de-trafico-humano-um-bebe-brasileiro-foi-resgatado-pela-policia-federal-em-portugal\/"},"modified":"2025-03-25T16:59:02","modified_gmt":"2025-03-25T16:59:02","slug":"apos-ser-vitima-de-trafico-humano-um-bebe-brasileiro-foi-resgatado-pela-policia-federal-em-portugal","status":"publish","type":"post","link":"https:\/\/tvbrazilusa.com\/pt\/2025\/03\/25\/apos-ser-vitima-de-trafico-humano-um-bebe-brasileiro-foi-resgatado-pela-policia-federal-em-portugal\/","title":{"rendered":"Ap\u00f3s ser v\u00edtima de tr\u00e1fico humano, um beb\u00ea brasileiro foi resgatado pela Pol\u00edcia Federal em Portugal"},"content":{"rendered":"<p> <script async src=\"https:\/\/pagead2.googlesyndication.com\/pagead\/js\/adsbygoogle.js?client=ca-pub-8864793242727901\"\r\n     crossorigin=\"anonymous\"><\/script><br \/>\n<\/p>\n<div id=\"taboola-read-more\" style=\"display:block; width:100%\">\n<p>A Pol\u00edcia Federal (PF) concluiu nesta segunda-feira (24) a Opera\u00e7\u00e3o P\u00e9rola, que resultou na repatria\u00e7\u00e3o de uma beb\u00ea que fora levado para Portugal no final de 2023, pouco ap\u00f3s o nascimento, v\u00edtima de tr\u00e1fico humano. A investiga\u00e7\u00e3o, conduzida pela Delegacia da PF em Campinas (SP), come\u00e7ou ap\u00f3s o \u00f3rg\u00e3o ser acionado pela Promotoria de Justi\u00e7a em Valinhos, no interior paulista.\n<\/p>\n<p>Em a\u00e7\u00e3o conjunta com a Pol\u00edcia Judici\u00e1ria de Portugal, a beb\u00ea foi encontrado na regi\u00e3o de Porto. Segundo nota, a crian\u00e7a foi localizada e encaminhada \u00e0 Assist\u00eancia Social de Portugal, que a destinou a uma fam\u00edlia acolhedora no pa\u00eds, \u201ctendo l\u00e1 permanecido at\u00e9 se confirmar que efetivamente n\u00e3o se tratava de crian\u00e7a portuguesa, pois os registros haviam sido falsificados\u201d.<\/p>\n<p>Ap\u00f3s a confirma\u00e7\u00e3o da identidade e com interven\u00e7\u00e3o do Minist\u00e9rio P\u00fablico Federal em Campinas, policiais federais brasileiras foram at\u00e9 Portugal para trazer ao Brasil a crian\u00e7a, que j\u00e1 tem um ano e quatro meses. De acordo com a PF, a crian\u00e7a est\u00e1 sob os cuidados de uma institui\u00e7\u00e3o brasileira, e as fam\u00edlias acolhedoras em Portugal e no Brasil est\u00e3o em contato para compartilhar dados.\n<\/p>\n<p>\u2013 O v\u00ednculo criado durante esse per\u00edodo ser\u00e1 respeitado, e as fam\u00edlias continuar\u00e3o em comunica\u00e7\u00e3o, mantendo um elo que visa o melhor interesse da crian\u00e7a \u2013 destacou a PF.\n<\/p>\n<p>O processo para repatria\u00e7\u00e3o seguiu o Protocolo de Palermo, de 2004, que combate o tr\u00e1fico internacional de pessoas.\n<\/p>\n<p>Segundo a investiga\u00e7\u00e3o, a m\u00e3e da menina, provavelmente de Marab\u00e1 (PA), teve a beb\u00ea na Santa Casa de Valinhos e foi embora da cidade. O empres\u00e1rio portugu\u00eas apontado como respons\u00e1vel pelo esquema ent\u00e3o registrou a crian\u00e7a e pediu a guarda unilateral para tir\u00e1-la do pa\u00eds, em novembro de 2023. A menina foi encontrada no m\u00eas seguinte, com o companheiro do homem.\n<\/p>\n<p>*Com informa\u00e7\u00f5es Ag\u00eancia Brasil<\/p>\n<p>Fonte: Pleno News              <\/p>\n<\/div>\n<p><br \/>\n<br \/><a href=\"https:\/\/diariodobrasilnoticias.com.br\/noticia\/apos-ser-vitima-de-trafico-humano-um-bebe-brasileiro-foi-resgatado-pela-policia-federal-em-portugal-67e2b9abbf152\">Source link <\/a><\/p>","protected":false},"excerpt":{"rendered":"<p>A Pol\u00edcia Federal (PF) concluiu nesta segunda-feira (24) a Opera\u00e7\u00e3o P\u00e9rola, que resultou na repatria\u00e7\u00e3o de uma beb\u00ea que fora levado para Portugal no final de 2023, pouco ap\u00f3s o&hellip;<\/p>","protected":false},"author":1,"featured_media":113807,"comment_status":"closed","ping_status":"open","sticky":false,"template":"","format":"standard","meta":{"content-type":"","footnotes":""},"categories":[16],"tags":[123,2448,5313,1267],"class_list":["post-113806","post","type-post","status-publish","format-standard","has-post-thumbnail","hentry","category-noticias","tag-brasil","tag-diario","tag-noticia","tag-noticias"],"_links":{"self":[{"href":"https:\/\/tvbrazilusa.com\/pt\/wp-json\/wp\/v2\/posts\/113806","targetHints":{"allow":["GET"]}}],"collection":[{"href":"https:\/\/tvbrazilusa.com\/pt\/wp-json\/wp\/v2\/posts"}],"about":[{"href":"https:\/\/tvbrazilusa.com\/pt\/wp-json\/wp\/v2\/types\/post"}],"author":[{"embeddable":true,"href":"https:\/\/tvbrazilusa.com\/pt\/wp-json\/wp\/v2\/users\/1"}],"replies":[{"embeddable":true,"href":"https:\/\/tvbrazilusa.com\/pt\/wp-json\/wp\/v2\/comments?post=113806"}],"version-history":[{"count":1,"href":"https:\/\/tvbrazilusa.com\/pt\/wp-json\/wp\/v2\/posts\/113806\/revisions"}],"predecessor-version":[{"id":113808,"href":"https:\/\/tvbrazilusa.com\/pt\/wp-json\/wp\/v2\/posts\/113806\/revisions\/113808"}],"wp:featuredmedia":[{"embeddable":true,"href":"https:\/\/tvbrazilusa.com\/pt\/wp-json\/wp\/v2\/media\/113807"}],"wp:attachment":[{"href":"https:\/\/tvbrazilusa.com\/pt\/wp-json\/wp\/v2\/media?parent=113806"}],"wp:term":[{"taxonomy":"category","embeddable":true,"href":"https:\/\/tvbrazilusa.com\/pt\/wp-json\/wp\/v2\/categories?post=113806"},{"taxonomy":"post_tag","embeddable":true,"href":"https:\/\/tvbrazilusa.com\/pt\/wp-json\/wp\/v2\/tags?post=113806"}],"curies":[{"name":"wp","href":"https:\/\/api.w.org\/{rel}","templated":true}]}}