{"id":11381,"date":"2024-07-29T15:31:22","date_gmt":"2024-07-29T15:31:22","guid":{"rendered":"https:\/\/tvbrazilusa.com\/2024\/07\/29\/pedestre-morre-apos-ser-atropelado-em-estrada-no-condado-de-lake\/"},"modified":"2024-07-29T15:34:45","modified_gmt":"2024-07-29T15:34:45","slug":"pedestre-morre-apos-ser-atropelado-em-estrada-no-condado-de-lake","status":"publish","type":"post","link":"https:\/\/tvbrazilusa.com\/pt\/2024\/07\/29\/pedestre-morre-apos-ser-atropelado-em-estrada-no-condado-de-lake\/","title":{"rendered":"Pedestre morre ap\u00f3s ser atropelado em estrada no Condado de Lake"},"content":{"rendered":"<script async src=\"https:\/\/pagead2.googlesyndication.com\/pagead\/js\/adsbygoogle.js?client=ca-pub-8864793242727901\"\r\n     crossorigin=\"anonymous\"><\/script>\n<div id=\"\">\n<p class=\"dist__Box-sc-1fnzlkn-0 dist__TextBase-sc-1fnzlkn-3 CGHCP htMUPQ article-text\"><strong>CONDADO DE LAKE, Fl\u00f3rida.<\/strong> \u2013 Um homem de 51 anos de DeLand morreu ap\u00f3s ser atropelado por uma caminhonete na manh\u00e3 de segunda-feira enquanto caminhava na estrada no Condado de Lake, de acordo com a Patrulha Rodovi\u00e1ria da Fl\u00f3rida.<\/p>\n<p class=\"dist__Box-sc-1fnzlkn-0 dist__TextBase-sc-1fnzlkn-3 CGHCP htMUPQ article-text\">O acidente aconteceu por volta das 5 da manh\u00e3, quando o Ford F-150 viajava em dire\u00e7\u00e3o ao norte na Lake Mack Drive, ao sul da Evergreen Drive.<\/p>\n<p class=\"dist__Box-sc-1fnzlkn-0 dist__TextBase-sc-1fnzlkn-3 CGHCP htMUPQ article-text\">De acordo com o relat\u00f3rio do acidente da FHP, o homem estava caminhando em dire\u00e7\u00e3o ao norte na Lake Mack Drive e no caminho direto da caminhonete quando foi atingido.<\/p>\n<p class=\"dist__Box-sc-1fnzlkn-0 dist__TextBase-sc-1fnzlkn-3 CGHCP htMUPQ article-text\"><b>[EXCLUSIVE: <\/b><a href=\"https:\/\/www.clickorlando.com\/features\/2021\/07\/28\/heres-what-it-means-to-become-a-news-6-insider-its-cool-and-free\/\"><b>Become a News 6 Insider (it\u2019s FREE)<\/b><\/a><b> | PINIT! <\/b><a href=\"https:\/\/www.clickorlando.com\/news\/local\/2023\/04\/12\/changes-have-arrived-to-pinit-heres-what-you-need-to-know\/\"><b>Share your photos<\/b><\/a><b>]<\/b><\/p>\n<p class=\"dist__Box-sc-1fnzlkn-0 dist__TextBase-sc-1fnzlkn-3 CGHCP htMUPQ article-text\">O homem foi transportado para o AdventHealth DeLand e declarado morto. O motorista e o passageiro da caminhonete permaneceram no local. O pedestre n\u00e3o estava na faixa de pedestres no momento do acidente, afirma o relat\u00f3rio.<\/p>\n<p class=\"dist__Box-sc-1fnzlkn-0 dist__TextBase-sc-1fnzlkn-3 CGHCP htMUPQ article-text\">A identifica\u00e7\u00e3o do homem n\u00e3o foi divulgada.<\/p>\n<p class=\"dist__Box-sc-1fnzlkn-0 dist__TextBase-sc-1fnzlkn-3 CGHCP htMUPQ article-text\">A FHP ainda est\u00e1 investigando.<\/p>\n<p class=\"dist__Box-sc-1fnzlkn-0 dist__TextBase-sc-1fnzlkn-3 CGHCP htMUPQ article-text\"><b>Receba as manchetes de hoje em minutos com <\/b><a href=\"https:\/\/podcasts.apple.com\/us\/podcast\/your-florida-daily\/id1632084191\"><b>Seu di\u00e1rio da Fl\u00f3rida<\/b><\/a><b>:<\/b><\/p>\n<\/div>\n<p>Copyright 2024 por WKMG ClickOrlando &#8211; Todos os direitos reservados.<\/p>\n<p><br \/>\n<br \/><a href=\"https:\/\/www.clickorlando.com\/news\/local\/2024\/07\/29\/pedestrian-dies-after-being-struck-along-lake-county-road\/\">Source link <\/a><\/p>","protected":false},"excerpt":{"rendered":"<p>CONDADO DE LAKE, Fl\u00f3rida. \u2013 Um homem de 51 anos de DeLand morreu ap\u00f3s ser atropelado por uma caminhonete na manh\u00e3 de segunda-feira enquanto caminhava na estrada no Condado de&hellip;<\/p>","protected":false},"author":1,"featured_media":11382,"comment_status":"closed","ping_status":"open","sticky":false,"template":"","format":"standard","meta":{"content-type":"","footnotes":""},"categories":[1],"tags":[1707,1521],"class_list":["post-11381","post","type-post","status-publish","format-standard","has-post-thumbnail","hentry","category-uncategorized","tag-acidente-fatal","tag-condado-de-lake"],"_links":{"self":[{"href":"https:\/\/tvbrazilusa.com\/pt\/wp-json\/wp\/v2\/posts\/11381","targetHints":{"allow":["GET"]}}],"collection":[{"href":"https:\/\/tvbrazilusa.com\/pt\/wp-json\/wp\/v2\/posts"}],"about":[{"href":"https:\/\/tvbrazilusa.com\/pt\/wp-json\/wp\/v2\/types\/post"}],"author":[{"embeddable":true,"href":"https:\/\/tvbrazilusa.com\/pt\/wp-json\/wp\/v2\/users\/1"}],"replies":[{"embeddable":true,"href":"https:\/\/tvbrazilusa.com\/pt\/wp-json\/wp\/v2\/comments?post=11381"}],"version-history":[{"count":1,"href":"https:\/\/tvbrazilusa.com\/pt\/wp-json\/wp\/v2\/posts\/11381\/revisions"}],"predecessor-version":[{"id":11383,"href":"https:\/\/tvbrazilusa.com\/pt\/wp-json\/wp\/v2\/posts\/11381\/revisions\/11383"}],"wp:featuredmedia":[{"embeddable":true,"href":"https:\/\/tvbrazilusa.com\/pt\/wp-json\/wp\/v2\/media\/11382"}],"wp:attachment":[{"href":"https:\/\/tvbrazilusa.com\/pt\/wp-json\/wp\/v2\/media?parent=11381"}],"wp:term":[{"taxonomy":"category","embeddable":true,"href":"https:\/\/tvbrazilusa.com\/pt\/wp-json\/wp\/v2\/categories?post=11381"},{"taxonomy":"post_tag","embeddable":true,"href":"https:\/\/tvbrazilusa.com\/pt\/wp-json\/wp\/v2\/tags?post=11381"}],"curies":[{"name":"wp","href":"https:\/\/api.w.org\/{rel}","templated":true}]}}