{"id":113812,"date":"2025-03-25T17:12:02","date_gmt":"2025-03-25T17:12:02","guid":{"rendered":"https:\/\/tvbrazilusa.com\/2025\/03\/25\/lula-continua-com-a-meta-de-reduzir-quase-r-8-bilhoes-do-orcamento-do-bolsa-familia\/"},"modified":"2025-03-25T17:12:04","modified_gmt":"2025-03-25T17:12:04","slug":"lula-continua-com-a-meta-de-reduzir-quase-r-8-bilhoes-do-orcamento-do-bolsa-familia","status":"publish","type":"post","link":"https:\/\/tvbrazilusa.com\/pt\/2025\/03\/25\/lula-continua-com-a-meta-de-reduzir-quase-r-8-bilhoes-do-orcamento-do-bolsa-familia\/","title":{"rendered":"Lula continua com a meta de reduzir quase R$ 8 bilh\u00f5es do or\u00e7amento do Bolsa Fam\u00edlia"},"content":{"rendered":"<p> <script async src=\"https:\/\/pagead2.googlesyndication.com\/pagead\/js\/adsbygoogle.js?client=ca-pub-8864793242727901\"\r\n     crossorigin=\"anonymous\"><\/script><br \/>\n<\/p>\n<div>\n<p>O governo do presidente Luiz In\u00e1cio Lula da Silva come\u00e7ou uma opera\u00e7\u00e3o de pente-fino no programa Bolsa Fam\u00edlia, com o objetivo de cortar R$ 7,7 bilh\u00f5es em 2025. Comandado pelo minist\u00e9rio Desenvolvimento Social, o processo envolve revis\u00f5es detalhadas de cadastros e ajustes nas regras do programa.\n<\/p>\n<p>Um decreto publicado na \u00faltima segunda-feira, 24, introduziu normas mais r\u00edgidas para benefici\u00e1rios unipessoais, ou seja, aqueles sem dependentes. Esses indiv\u00edduos agora devem passar por entrevistas domiciliares para comprovar sua vulnerabilidade, em substitui\u00e7\u00e3o \u00e0 autodeclara\u00e7\u00e3o anterior.<\/p>\n<p>\u201cAs fam\u00edlias compostas de uma s\u00f3 pessoa sem inscri\u00e7\u00e3o ou atualiza\u00e7\u00e3o cadastral realizada por meio de entrevista em domic\u00edlio n\u00e3o poder\u00e3o ingressar no Programa Bolsa Fam\u00edlia enquanto n\u00e3o forem realizadas essas a\u00e7\u00f5es\u201d, afirma o decreto de Lula.\n<\/p>\n<p>No par\u00e1grafo 4\u00b0 do artigo 18, consta: \u201cA manuten\u00e7\u00e3o de fam\u00edlias compostas de uma s\u00f3 pessoa sem inscri\u00e7\u00e3o ou atualiza\u00e7\u00e3o cadastral realizada por meio de entrevista em domic\u00edlio ser\u00e1 regulamentada na forma estabelecida em ato do Ministro de Estado do Desenvolvimento e Assist\u00eancia Social, Fam\u00edlia e Combate \u00e0 Fome, que dispor\u00e1 sobre as excepcionalidades dessa exig\u00eancia\u201d.\n<\/p>\n<p>O foco nos benefici\u00e1rios unipessoais se deve \u00e0 percep\u00e7\u00e3o de uma maior concentra\u00e7\u00e3o de fraudes nesse grupo, conforme especialistas. Essa mudan\u00e7a visa a intensificar o controle e \u00e9 parte de uma regulamenta\u00e7\u00e3o que ser\u00e1 preparada para fiscalizar benefici\u00e1rios unipessoais j\u00e1 cadastrados.\n<\/p>\n<p>Altera\u00e7\u00f5es nas regras e grupos n\u00e3o afetados<br \/>As altera\u00e7\u00f5es nas regras n\u00e3o devem afetar ind\u00edgenas, quilombolas nem pessoas em situa\u00e7\u00e3o de rua, que continuar\u00e3o a receber o benef\u00edcio sem essas exig\u00eancias adicionais, afirma o minist\u00e9rio de Wellington Dias.\n<\/p>\n<p>Desde o in\u00edcio do mandato de Lula, houve uma redu\u00e7\u00e3o de 2,4 milh\u00f5es de benefici\u00e1rios unipessoais, com o recuo mais significativo registrado em mar\u00e7o. Atualmente, 3,5 milh\u00f5es de unipessoais ainda fazem parte das 20,5 milh\u00f5es de fam\u00edlias atendidas pelo programa.\n<\/p>\n<p>Lula pediu redu\u00e7\u00e3o de or\u00e7amento do Bolsa Fam\u00edlia<br \/>O governo tamb\u00e9m solicitou ao Congresso, em 12 de mar\u00e7o, uma redu\u00e7\u00e3o de R$ 7,7 bilh\u00f5es no or\u00e7amento do Bolsa Fam\u00edlia, que agora ser\u00e1 de R$ 159,5 bilh\u00f5es para 2025, comparado aos R$ 167,2 bilh\u00f5es inicialmente previstos.\n<\/p>\n<div id=\"hd80s9wa1h892edh8192\" class=\"entry-content break-word select-none\">\n<p>Segundo Wellington Dias, a economia ser\u00e1 atingida por meio de \u201cefici\u00eancia no combate \u00e0 fraude\u201d e \u201csupera\u00e7\u00e3o da pobreza para milh\u00f5es de pessoas\u201d.\n<\/p>\n<p>A revis\u00e3o dos cadastros, que come\u00e7ou de forma t\u00edmida at\u00e9 o final de 2024, acelerou-se no in\u00edcio de 2025. Al\u00e9m disso, as chamadas \u201cregras de prote\u00e7\u00e3o\u201d, que permitem que benefici\u00e1rios continuem a receber o aux\u00edlio ap\u00f3s um aumento de renda, passar\u00e3o por modifica\u00e7\u00f5es para garantir uma transi\u00e7\u00e3o adequada.\n<\/p>\n<\/div>\n<p>\u00a0<\/p>\n<\/div>\n<p><br \/>\n<br \/><a href=\"https:\/\/diariodobrasilnoticias.com.br\/noticia\/lula-continua-com-a-meta-de-reduzir-quase-r-8-bilhoes-do-orcamento-do-bolsa-familia-67e2b83508c78\">Source link <\/a><\/p>","protected":false},"excerpt":{"rendered":"<p>O governo do presidente Luiz In\u00e1cio Lula da Silva come\u00e7ou uma opera\u00e7\u00e3o de pente-fino no programa Bolsa Fam\u00edlia, com o objetivo de cortar R$ 7,7 bilh\u00f5es em 2025. Comandado pelo&hellip;<\/p>","protected":false},"author":1,"featured_media":113813,"comment_status":"closed","ping_status":"open","sticky":false,"template":"","format":"standard","meta":{"content-type":"","footnotes":""},"categories":[16],"tags":[123,2448,5313,1267],"class_list":["post-113812","post","type-post","status-publish","format-standard","has-post-thumbnail","hentry","category-noticias","tag-brasil","tag-diario","tag-noticia","tag-noticias"],"_links":{"self":[{"href":"https:\/\/tvbrazilusa.com\/pt\/wp-json\/wp\/v2\/posts\/113812","targetHints":{"allow":["GET"]}}],"collection":[{"href":"https:\/\/tvbrazilusa.com\/pt\/wp-json\/wp\/v2\/posts"}],"about":[{"href":"https:\/\/tvbrazilusa.com\/pt\/wp-json\/wp\/v2\/types\/post"}],"author":[{"embeddable":true,"href":"https:\/\/tvbrazilusa.com\/pt\/wp-json\/wp\/v2\/users\/1"}],"replies":[{"embeddable":true,"href":"https:\/\/tvbrazilusa.com\/pt\/wp-json\/wp\/v2\/comments?post=113812"}],"version-history":[{"count":1,"href":"https:\/\/tvbrazilusa.com\/pt\/wp-json\/wp\/v2\/posts\/113812\/revisions"}],"predecessor-version":[{"id":113814,"href":"https:\/\/tvbrazilusa.com\/pt\/wp-json\/wp\/v2\/posts\/113812\/revisions\/113814"}],"wp:featuredmedia":[{"embeddable":true,"href":"https:\/\/tvbrazilusa.com\/pt\/wp-json\/wp\/v2\/media\/113813"}],"wp:attachment":[{"href":"https:\/\/tvbrazilusa.com\/pt\/wp-json\/wp\/v2\/media?parent=113812"}],"wp:term":[{"taxonomy":"category","embeddable":true,"href":"https:\/\/tvbrazilusa.com\/pt\/wp-json\/wp\/v2\/categories?post=113812"},{"taxonomy":"post_tag","embeddable":true,"href":"https:\/\/tvbrazilusa.com\/pt\/wp-json\/wp\/v2\/tags?post=113812"}],"curies":[{"name":"wp","href":"https:\/\/api.w.org\/{rel}","templated":true}]}}