{"id":113815,"date":"2025-03-25T17:05:44","date_gmt":"2025-03-25T17:05:44","guid":{"rendered":"https:\/\/tvbrazilusa.com\/2025\/03\/25\/jea-votos-do-conselho-para-aumentar-as-taxas-a-partir-de-1o-de-abril-jacksonville-hoje\/"},"modified":"2025-03-25T17:15:53","modified_gmt":"2025-03-25T17:15:53","slug":"jea-votos-do-conselho-para-aumentar-as-taxas-a-partir-de-1o-de-abril-jacksonville-hoje","status":"publish","type":"post","link":"https:\/\/tvbrazilusa.com\/pt\/2025\/03\/25\/jea-votos-do-conselho-para-aumentar-as-taxas-a-partir-de-1o-de-abril-jacksonville-hoje\/","title":{"rendered":"JEA Votos do conselho para aumentar as taxas a partir de 1\u00ba de abril | Jacksonville hoje"},"content":{"rendered":"<p> <script async src=\"https:\/\/pagead2.googlesyndication.com\/pagead\/js\/adsbygoogle.js?client=ca-pub-8864793242727901\"\r\n     crossorigin=\"anonymous\"><\/script><br \/>\n<\/p>\n<div>\n<p>Os clientes da JEA, \u00e1gua e \u00e1guas residuais, ter\u00e3o contas mais altas ap\u00f3s 1\u00ba de abril. <\/p>\n<p>O conselho de administra\u00e7\u00e3o da concession\u00e1ria de Jacksonville, de propriedade da cidade, votou por unanimidade na ter\u00e7a-feira <a href=\"https:\/\/jaxtoday.org\/2024\/10\/28\/jea-rates-increases\/\">aumentar as taxas el\u00e9tricas e de \u00e1gua<\/a>que os funcion\u00e1rios da JEA dizem que, em m\u00e9dia, resultar\u00e3o em um aumento de 3,7% nas contas gerais de servi\u00e7os p\u00fablicos dos clientes residenciais. <\/p>\n<p>A vota\u00e7\u00e3o tamb\u00e9m aumenta as taxas para o ano fiscal de 2026. Os clientes da JEA ver\u00e3o 5,1% saltam em sua fatura total a partir de 1\u00ba de outubro para as fam\u00edlias que usam a m\u00e9dia de 1.000 quilowatt horas de energia e 6.000 gal\u00f5es de \u00e1gua por m\u00eas, de acordo com o oficial de informa\u00e7\u00f5es p\u00fablicas da JEA, Karen McAllister. <\/p>\n<p><a href=\"https:\/\/www.jea.com\/?gad_source=1&#038;gclid=Cj0KCQjwqIm_BhDnARIsAKBYcmtJDjQTLxrsCdQOJuAm8NkoPuYR97hXrZTo5eHtPI-oTMtl4degye8aAhI7EALw_wcB\" rel=\"nofollow noopener\" target=\"_blank\">Jea<\/a> As autoridades dizem que os aumentos de taxas s\u00e3o necess\u00e1rios para atender \u00e0s crescentes metas de demanda e sustentabilidade e atualizar plantas e instala\u00e7\u00f5es para atender aos regulamentos mais apertados. <\/p>\n<p>&#8220;Na \u00faltima d\u00e9cada, o setor de servi\u00e7os p\u00fablicos mudou significativamente devido a requisitos regulat\u00f3rios mais r\u00edgidos, aumentando os custos operacionais e a crescente demanda de energia e \u00e1gua&#8221;, disse McAllister \u00e0 McAllister <em>Jacksonville hoje <\/em>em um email. &#8220;Os ajustes das taxas alinhar\u00e3o melhor nossos requisitos de receita com o que custa para atender nossos clientes&#8221;. <\/p>\n<p>Documentos em Packet de reuni\u00e3o na ter\u00e7a -feira mostram que a JEA est\u00e1 tentando compensar um d\u00e9ficit de receita projetado de US $ 35,7 milh\u00f5es em seu sistema el\u00e9trico para o atual ano fiscal, 2025. Com as taxas existentes, a concession\u00e1ria estima uma diferen\u00e7a de US $ 39,7 milh\u00f5es no ano fiscal de 2026.<\/p>\n<p>A decis\u00e3o de hoje inclui um ajuste de taxa el\u00e9trica base de 6% para o restante deste ano fiscal e um aumento de 4,5% no EF26. <\/p>\n<p>No lado da \u00e1gua e das \u00e1guas residuais, a JEA estima um d\u00e9ficit de receita de US $ 15,2 milh\u00f5es este ano e uma lacuna de US $ 22,8 milh\u00f5es para preencher o ano fiscal de 2026. <\/p>\n<p>Os aumentos de taxa correspondentes aprovados hoje s\u00e3o 6% este ano e 4,2% no ano fiscal de 2026. <\/p>\n<p>Desde 2022, a JEA atribuiu outras taxas e aumentos de taxas aos custos de combust\u00edvel de dif\u00edcil previsto, particularmente <a href=\"https:\/\/jaxtoday.org\/2023\/11\/07\/jea-expects-to-raise-electric-rates-in-april\/\">g\u00e1s natural<\/a>. Os custos de bal\u00e3o da concession\u00e1ria associados ao seu contrato de compra de energia com o nuclear <a href=\"https:\/\/jaxtoday.org\/2023\/05\/31\/jeas-bumpy-path-to-sustainability\/\">Plante Vottgle<\/a> Na Ge\u00f3rgia, tamb\u00e9m foram responsabilizados nos aumentos anteriores da taxa.<\/p>\n<p>O conselho realizou uma audi\u00eancia de taxa p\u00fablica em fevereiro antes de sua vota\u00e7\u00e3o hoje e a concession\u00e1ria <a href=\"https:\/\/jaxtoday.org\/2024\/10\/28\/jea-rates-increases\/\">anunciado pela primeira vez<\/a> Em outubro, estava considerando os aumentos.<\/p>\n<p>Apesar da caminhada, os funcion\u00e1rios da JEA dizem que os pre\u00e7os combinados da concession\u00e1ria da concession\u00e1ria ainda s\u00e3o mais baixos do que muitas outras grandes cidades da Fl\u00f3rida, como Gainesville, Tallahassee, Orlando, Tampa e Miami. <\/p>\n<figure class=\"wp-block-image size-large\"><\/figure>\n<p>&#8220;Os ajustes das taxas incluem uma nova estrutura em camadas para taxas el\u00e9tricas que oferecem uma oportunidade de manter as contas de eletricidade mais acess\u00edveis para clientes que consomem menos eletricidade&#8221;, disse McAllister em comunicado \u00e0 imprensa na ter\u00e7a -feira. <\/p>\n<\/div>\n<p><br \/>\n<br \/><a href=\"https:\/\/jaxtoday.org\/2025\/03\/25\/jea-rate-increase-2025\/\">Source link <\/a><\/p>","protected":false},"excerpt":{"rendered":"<p>Os clientes da JEA, \u00e1gua e \u00e1guas residuais, ter\u00e3o contas mais altas ap\u00f3s 1\u00ba de abril. O conselho de administra\u00e7\u00e3o da concession\u00e1ria de Jacksonville, de propriedade da cidade, votou por&hellip;<\/p>","protected":false},"author":1,"featured_media":113816,"comment_status":"closed","ping_status":"open","sticky":false,"template":"","format":"standard","meta":{"content-type":"","footnotes":""},"categories":[1],"tags":[],"class_list":["post-113815","post","type-post","status-publish","format-standard","has-post-thumbnail","hentry","category-uncategorized"],"_links":{"self":[{"href":"https:\/\/tvbrazilusa.com\/pt\/wp-json\/wp\/v2\/posts\/113815","targetHints":{"allow":["GET"]}}],"collection":[{"href":"https:\/\/tvbrazilusa.com\/pt\/wp-json\/wp\/v2\/posts"}],"about":[{"href":"https:\/\/tvbrazilusa.com\/pt\/wp-json\/wp\/v2\/types\/post"}],"author":[{"embeddable":true,"href":"https:\/\/tvbrazilusa.com\/pt\/wp-json\/wp\/v2\/users\/1"}],"replies":[{"embeddable":true,"href":"https:\/\/tvbrazilusa.com\/pt\/wp-json\/wp\/v2\/comments?post=113815"}],"version-history":[{"count":1,"href":"https:\/\/tvbrazilusa.com\/pt\/wp-json\/wp\/v2\/posts\/113815\/revisions"}],"predecessor-version":[{"id":113817,"href":"https:\/\/tvbrazilusa.com\/pt\/wp-json\/wp\/v2\/posts\/113815\/revisions\/113817"}],"wp:featuredmedia":[{"embeddable":true,"href":"https:\/\/tvbrazilusa.com\/pt\/wp-json\/wp\/v2\/media\/113816"}],"wp:attachment":[{"href":"https:\/\/tvbrazilusa.com\/pt\/wp-json\/wp\/v2\/media?parent=113815"}],"wp:term":[{"taxonomy":"category","embeddable":true,"href":"https:\/\/tvbrazilusa.com\/pt\/wp-json\/wp\/v2\/categories?post=113815"},{"taxonomy":"post_tag","embeddable":true,"href":"https:\/\/tvbrazilusa.com\/pt\/wp-json\/wp\/v2\/tags?post=113815"}],"curies":[{"name":"wp","href":"https:\/\/api.w.org\/{rel}","templated":true}]}}