{"id":113836,"date":"2025-03-25T18:44:53","date_gmt":"2025-03-25T18:44:53","guid":{"rendered":"https:\/\/tvbrazilusa.com\/2025\/03\/25\/hotel-que-lula-esta-hospedado-em-toquio-tem-diarias-de-quase-r-40-mil\/"},"modified":"2025-03-25T18:44:55","modified_gmt":"2025-03-25T18:44:55","slug":"hotel-que-lula-esta-hospedado-em-toquio-tem-diarias-de-quase-r-40-mil","status":"publish","type":"post","link":"https:\/\/tvbrazilusa.com\/pt\/2025\/03\/25\/hotel-que-lula-esta-hospedado-em-toquio-tem-diarias-de-quase-r-40-mil\/","title":{"rendered":"Hotel que Lula est\u00e1 hospedado em T\u00f3quio tem di\u00e1rias de quase R$ 40 mil"},"content":{"rendered":"<p> <script async src=\"https:\/\/pagead2.googlesyndication.com\/pagead\/js\/adsbygoogle.js?client=ca-pub-8864793242727901\"\r\n     crossorigin=\"anonymous\"><\/script><br \/>\n<\/p>\n<div id=\"taboola-read-more\" style=\"display:block; width:100%\">\n<p>Durante visita oficial ao Jap\u00e3o para comemorar os 130 anos de rela\u00e7\u00f5es diplom\u00e1ticas entre Brasil e Jap\u00e3o, o presidente Luiz In\u00e1cio Lula da Silva levou uma delega\u00e7\u00e3o de 117 pessoas, composta de 17 pol\u00edticos e cem empres\u00e1rios e assessores.\n<\/p>\n<p>O grupo est\u00e1 hospedado no luxuoso Palace Hotel Tokyo, onde a su\u00edte mais cara dispon\u00edvel nos agendamentos do site custa cerca de R$ 37,3 mil reais por noite, com taxas j\u00e1 inclusas. A estadia \u00e9 de quatro noites, e o retorno est\u00e1 previsto para a quinta-feira 27.<\/p>\n<p>A programa\u00e7\u00e3o no Jap\u00e3o inclui banquetes com o primeiro-ministro, Shigeru Ishiba, e o imperador, Naruhito. A escolha do hotel, pr\u00f3ximo ao Pal\u00e1cio Imperial, mant\u00e9m o padr\u00e3o de viagens anteriores, como Londres (R$ 95 mil por noite) e Ar\u00e1bia Saudita (R$ 63 mil).\n<\/p>\n<p>At\u00e9 o momento, n\u00e3o h\u00e1 informa\u00e7\u00f5es oficiais sobre os gastos da comitiva de Lula no Jap\u00e3o.\n<\/p>\n<p><strong>Os gastos da comitiva de Janja<\/strong>\n<\/p>\n<p>J\u00e1 a primeira-dama Janja, que chegou ao Jap\u00e3o antes de Lula, lidera uma comitiva de 12 pessoas. Seus deslocamentos s\u00e3o estimados em R$ 400 mil, justificados por \u201cagendas pr\u00f3prias\u201d, incluindo uma visita a Osaka no dia 26.\n<\/p>\n<p>Diferentemente de outras viagens, Janja optou por n\u00e3o divulgar detalhes sobre sua estadia no Jap\u00e3o. Ao contr\u00e1rio do que costuma fazer em compromissos oficiais, evitou compartilhar registros ou informa\u00e7\u00f5es nas redes sociais, o que gerou questionamentos sobre sua agenda no pa\u00eds asi\u00e1tico.\n<\/p>\n<p>Em 18 de mar\u00e7o, o jornal Folha de S.Paulo procurou assessores da primeira-dama para esclarecerem se haveria compromissos institucionais durante sua estadia. De acordo com a assessoria, os compromissos seriam divulgados posteriormente.\n<\/p>\n<p><strong>Internet flagra Lula com par de t\u00eanis que custa R$ 10,5 mil<\/strong><br \/>Menos de tr\u00eas horas foi o tempo suficiente para uma postagem receber mais de 55 mil curtidas no Instagram, al\u00e9m de 3,3 mil coment\u00e1rios. O conte\u00fado referia-se ao presidente Lula da Silva, que desembarcou nesta segunda-feira, 24, no Jap\u00e3o.\n<\/p>\n<p>O motivo da repercuss\u00e3o foi, sobretudo, o par de t\u00eanis que Lula cal\u00e7ava logo depois de desembarcar em Haneda, o Aeroporto Internacional de T\u00f3quio. Era pr\u00f3ximo das 10 horas locais.\n<\/p>\n<p>O petista posava para fotos oficiais. A foto em que Lula se exp\u00f5e com o par de t\u00eanis de luxo est\u00e1 no perfil da empres\u00e1ria e influenciadora Renata Barreto. O canal tem mais de 1,2 milh\u00e3o de seguidores.\n<\/p>\n<p>Segundo Renata, o cal\u00e7ado usado pelo presidente \u00e9 um t\u00eanis da grife Ermenegildo Zegna, modelo Secondskin. Valor: R$ 10.550, ou quase o equivalente a sete sal\u00e1rios m\u00ednimos. Al\u00e9m de mostrar a foto com Lula e seu artigo de luxo, a postagem reproduz um v\u00eddeo. Nele, o presidente, no in\u00edcio do terceiro mandato, critica a classe m\u00e9dia por principalmente \u201costentar um padr\u00e3o de vida como em nenhum lugar do mundo\u201d.\u00a0\n<\/p>\n<p>Fonte: Revista Oeste              <\/p>\n<\/div>\n<p><br \/>\n<br \/><a href=\"https:\/\/diariodobrasilnoticias.com.br\/noticia\/hotel-que-lula-esta-hospedado-em-toquio-tem-diarias-de-quase-r-40-mil-67e2e0e058e09\">Source link <\/a><\/p>","protected":false},"excerpt":{"rendered":"<p>Durante visita oficial ao Jap\u00e3o para comemorar os 130 anos de rela\u00e7\u00f5es diplom\u00e1ticas entre Brasil e Jap\u00e3o, o presidente Luiz In\u00e1cio Lula da Silva levou uma delega\u00e7\u00e3o de 117 pessoas,&hellip;<\/p>","protected":false},"author":1,"featured_media":113837,"comment_status":"closed","ping_status":"open","sticky":false,"template":"","format":"standard","meta":{"content-type":"","footnotes":""},"categories":[16],"tags":[123,2448,5313,1267],"class_list":["post-113836","post","type-post","status-publish","format-standard","has-post-thumbnail","hentry","category-noticias","tag-brasil","tag-diario","tag-noticia","tag-noticias"],"_links":{"self":[{"href":"https:\/\/tvbrazilusa.com\/pt\/wp-json\/wp\/v2\/posts\/113836","targetHints":{"allow":["GET"]}}],"collection":[{"href":"https:\/\/tvbrazilusa.com\/pt\/wp-json\/wp\/v2\/posts"}],"about":[{"href":"https:\/\/tvbrazilusa.com\/pt\/wp-json\/wp\/v2\/types\/post"}],"author":[{"embeddable":true,"href":"https:\/\/tvbrazilusa.com\/pt\/wp-json\/wp\/v2\/users\/1"}],"replies":[{"embeddable":true,"href":"https:\/\/tvbrazilusa.com\/pt\/wp-json\/wp\/v2\/comments?post=113836"}],"version-history":[{"count":1,"href":"https:\/\/tvbrazilusa.com\/pt\/wp-json\/wp\/v2\/posts\/113836\/revisions"}],"predecessor-version":[{"id":113838,"href":"https:\/\/tvbrazilusa.com\/pt\/wp-json\/wp\/v2\/posts\/113836\/revisions\/113838"}],"wp:featuredmedia":[{"embeddable":true,"href":"https:\/\/tvbrazilusa.com\/pt\/wp-json\/wp\/v2\/media\/113837"}],"wp:attachment":[{"href":"https:\/\/tvbrazilusa.com\/pt\/wp-json\/wp\/v2\/media?parent=113836"}],"wp:term":[{"taxonomy":"category","embeddable":true,"href":"https:\/\/tvbrazilusa.com\/pt\/wp-json\/wp\/v2\/categories?post=113836"},{"taxonomy":"post_tag","embeddable":true,"href":"https:\/\/tvbrazilusa.com\/pt\/wp-json\/wp\/v2\/tags?post=113836"}],"curies":[{"name":"wp","href":"https:\/\/api.w.org\/{rel}","templated":true}]}}