{"id":113839,"date":"2025-03-25T19:00:03","date_gmt":"2025-03-25T19:00:03","guid":{"rendered":"https:\/\/tvbrazilusa.com\/2025\/03\/25\/em-um-ato-falho-cristiano-zanin-referiu-se-aos-denunciados-como-reus-durante-sessao-no-stf\/"},"modified":"2025-03-25T19:00:08","modified_gmt":"2025-03-25T19:00:08","slug":"em-um-ato-falho-cristiano-zanin-referiu-se-aos-denunciados-como-reus-durante-sessao-no-stf","status":"publish","type":"post","link":"https:\/\/tvbrazilusa.com\/pt\/2025\/03\/25\/em-um-ato-falho-cristiano-zanin-referiu-se-aos-denunciados-como-reus-durante-sessao-no-stf\/","title":{"rendered":"Em um ato falho, Cristiano Zanin referiu-se aos denunciados como r\u00e9us durante sess\u00e3o no STF"},"content":{"rendered":"<p> <script async src=\"https:\/\/pagead2.googlesyndication.com\/pagead\/js\/adsbygoogle.js?client=ca-pub-8864793242727901\"\r\n     crossorigin=\"anonymous\"><\/script><br \/>\n<\/p>\n<div id=\"taboola-read-more\" style=\"display:block; width:100%\">\n<p>Aliados de Jair Bolsonaro exploram, nas redes, um ato falho do ministro Cristiano Zanin, j\u00e1 no fim da primeira parte do julgamento do ex-presidente e dos demais denunciados pela PGR ao STF por envolvimento na trama golpista.\n<\/p>\n<p>O ministro, ao registrar uma decis\u00e3o do colegiado, se antecipa e chama os denunciados de \u201cr\u00e9us\u201d, condi\u00e7\u00e3o que s\u00f3 ser\u00e1 definida ap\u00f3s a vota\u00e7\u00e3o de todos os cinco magistrados, nesta tarde e na manh\u00e3 de quarta-feira \u2014 e caso a maioria dos ministros aceite a den\u00fancia da PGR.<\/p>\n<p>\u201cNeste momento processual, a turma, por unanimidade, resolveu quest\u00e3o de ordem suscitada pelo advogado Celso Vilardi, advogado do denunciado Jair Messias\u00a0<a href=\"https:\/\/12ft.io\/proxy?q=https%3A%2F%2Fveja.abril.com.br%2Fnoticias-sobre%2Fjair-bolsonaro%2F\" target=\"_parent\">Bolsonaro<\/a>, no sentido de indeferir que o colaborador Mauro Cid se manifeste antes dos demais r\u00e9us \u2014 denunciados, desculpa \u2014 nesse momento processual\u201d, disse Zanin.\n<\/p>\n<p>O pr\u00f3prio Zanin percebe o erro e pede desculpas, mas, nas redes, o bolsonarismo j\u00e1 usa o v\u00eddeo para acusar do Supremo de realizar um julgamento de cartas marcadas. Veja o que escreveu o l\u00edder da oposi\u00e7\u00e3o na C\u00e2mara, deputado Zucco: \u201cAo encerrar a sess\u00e3o, Zanin chama denunciados de r\u00e9us. Ser\u00e1 que foi apenas um erro ou ele se antecipou?\u201d\n<\/p>\n<p>Fonte: Veja              <\/p>\n<\/div>\n<p><br \/>\n<br \/><a href=\"https:\/\/diariodobrasilnoticias.com.br\/noticia\/em-um-ato-falho-cristiano-zanin-referiu-se-aos-denunciados-como-reus-durante-sessao-no-stf-67e2e2aab66f7\">Source link <\/a><\/p>","protected":false},"excerpt":{"rendered":"<p>Aliados de Jair Bolsonaro exploram, nas redes, um ato falho do ministro Cristiano Zanin, j\u00e1 no fim da primeira parte do julgamento do ex-presidente e dos demais denunciados pela PGR&hellip;<\/p>","protected":false},"author":1,"featured_media":113840,"comment_status":"closed","ping_status":"open","sticky":false,"template":"","format":"standard","meta":{"content-type":"","footnotes":""},"categories":[16],"tags":[123,2448,5313,1267],"class_list":["post-113839","post","type-post","status-publish","format-standard","has-post-thumbnail","hentry","category-noticias","tag-brasil","tag-diario","tag-noticia","tag-noticias"],"_links":{"self":[{"href":"https:\/\/tvbrazilusa.com\/pt\/wp-json\/wp\/v2\/posts\/113839","targetHints":{"allow":["GET"]}}],"collection":[{"href":"https:\/\/tvbrazilusa.com\/pt\/wp-json\/wp\/v2\/posts"}],"about":[{"href":"https:\/\/tvbrazilusa.com\/pt\/wp-json\/wp\/v2\/types\/post"}],"author":[{"embeddable":true,"href":"https:\/\/tvbrazilusa.com\/pt\/wp-json\/wp\/v2\/users\/1"}],"replies":[{"embeddable":true,"href":"https:\/\/tvbrazilusa.com\/pt\/wp-json\/wp\/v2\/comments?post=113839"}],"version-history":[{"count":1,"href":"https:\/\/tvbrazilusa.com\/pt\/wp-json\/wp\/v2\/posts\/113839\/revisions"}],"predecessor-version":[{"id":113841,"href":"https:\/\/tvbrazilusa.com\/pt\/wp-json\/wp\/v2\/posts\/113839\/revisions\/113841"}],"wp:featuredmedia":[{"embeddable":true,"href":"https:\/\/tvbrazilusa.com\/pt\/wp-json\/wp\/v2\/media\/113840"}],"wp:attachment":[{"href":"https:\/\/tvbrazilusa.com\/pt\/wp-json\/wp\/v2\/media?parent=113839"}],"wp:term":[{"taxonomy":"category","embeddable":true,"href":"https:\/\/tvbrazilusa.com\/pt\/wp-json\/wp\/v2\/categories?post=113839"},{"taxonomy":"post_tag","embeddable":true,"href":"https:\/\/tvbrazilusa.com\/pt\/wp-json\/wp\/v2\/tags?post=113839"}],"curies":[{"name":"wp","href":"https:\/\/api.w.org\/{rel}","templated":true}]}}