{"id":113842,"date":"2025-03-25T18:51:51","date_gmt":"2025-03-25T18:51:51","guid":{"rendered":"https:\/\/tvbrazilusa.com\/2025\/03\/25\/memoriais-de-guerra-do-vietna-definidos-para-a-primeira-costa-jacksonville-hoje\/"},"modified":"2025-03-25T19:03:21","modified_gmt":"2025-03-25T19:03:21","slug":"memoriais-de-guerra-do-vietna-definidos-para-a-primeira-costa-jacksonville-hoje","status":"publish","type":"post","link":"https:\/\/tvbrazilusa.com\/pt\/2025\/03\/25\/memoriais-de-guerra-do-vietna-definidos-para-a-primeira-costa-jacksonville-hoje\/","title":{"rendered":"Memoriais de Guerra do Vietn\u00e3 definidos para a primeira costa | Jacksonville hoje"},"content":{"rendered":"<p> <script async src=\"https:\/\/pagead2.googlesyndication.com\/pagead\/js\/adsbygoogle.js?client=ca-pub-8864793242727901\"\r\n     crossorigin=\"anonymous\"><\/script><br \/>\n<\/p>\n<div>\n<p>Aqueles que serviram e morreram na Guerra do Vietn\u00e3 ser\u00e3o homenageados em cerim\u00f4nias nesta semana em Jacksonville e Green Cove Springs.<\/p>\n<p>A Lei de Reconhecimento de Veteranos da Guerra do Vietn\u00e3 de 2017 designa a cada 29 de mar\u00e7o como o Dia Nacional dos Veteranos da Guerra do Vietn\u00e3.<\/p>\n<p>\u00c0s 9h de quinta -feira, um memorial ser\u00e1 realizado no<a href=\"https:\/\/scjnc.com\/\" rel=\"nofollow noopener\" target=\"_blank\"> Cemit\u00e9rio Nacional de Jacksonville<\/a>4083 Lannie Road, para homenagear os 58.000 homens e mulheres que morreram nessa guerra. O evento no Northside da cidade inclui um discurso de um veterano da Guerra do Vietn\u00e3.<\/p>\n<p>13:00 Sexta -feira, uma comemora\u00e7\u00e3o ser\u00e1 realizada no <a href=\"https:\/\/jaxnavalmuseum.org\/\" rel=\"nofollow noopener\" target=\"_blank\">Museu Naval de Jacksonville<\/a> Pier ao lado do USS Orleck, um destruidor da Marinha que <a href=\"https:\/\/jaxtoday.org\/2025\/02\/04\/uss-orleck-premieres-new-interactive-displays\/\">lutou na Guerra do Vietn\u00e3<\/a>. O general aposentado Gary Beard \u00e9 o orador convidado. A entrada custa US $ 8,86 por pessoa, incluindo o navio e o museu. <\/p>\n<figure class=\"wp-block-image size-large\"><figcaption class=\"wp-element-caption\">Bunting vermelho, branco e azul decora o USS Orleck, do Museu Naval de Jacksonville, antes do evento dos Veteranos do Vietn\u00e3. | Museu Naval de Jacksonville<\/figcaption><\/figure>\n<p>Ent\u00e3o, \u00e0s 10 horas da manh\u00e3 de s\u00e1bado, o condado de Clay homenagear\u00e1 <a href=\"https:\/\/www.claycountygov.com\/Home\/Components\/News\/News\/3939\/1512\" rel=\"nofollow noopener\" target=\"_blank\">o 50\u00ba anivers\u00e1rio<\/a> do fim da Guerra do Vietn\u00e3 no Monument Taps, 915 Walnut St. em Green Cove Springs. A cerim\u00f4nia homenageia os veteranos do Vietn\u00e3 do condado e suas fam\u00edlias por seu servi\u00e7o e sacrif\u00edcio.<\/p>\n<\/div>\n<p><br \/>\n<br \/><a href=\"https:\/\/jaxtoday.org\/2025\/03\/25\/vietnam-war-veterans-day-jacksonville\/\">Source link <\/a><\/p>","protected":false},"excerpt":{"rendered":"<p>Aqueles que serviram e morreram na Guerra do Vietn\u00e3 ser\u00e3o homenageados em cerim\u00f4nias nesta semana em Jacksonville e Green Cove Springs. A Lei de Reconhecimento de Veteranos da Guerra do&hellip;<\/p>","protected":false},"author":1,"featured_media":113843,"comment_status":"closed","ping_status":"open","sticky":false,"template":"","format":"standard","meta":{"content-type":"","footnotes":""},"categories":[1],"tags":[],"class_list":["post-113842","post","type-post","status-publish","format-standard","has-post-thumbnail","hentry","category-uncategorized"],"_links":{"self":[{"href":"https:\/\/tvbrazilusa.com\/pt\/wp-json\/wp\/v2\/posts\/113842","targetHints":{"allow":["GET"]}}],"collection":[{"href":"https:\/\/tvbrazilusa.com\/pt\/wp-json\/wp\/v2\/posts"}],"about":[{"href":"https:\/\/tvbrazilusa.com\/pt\/wp-json\/wp\/v2\/types\/post"}],"author":[{"embeddable":true,"href":"https:\/\/tvbrazilusa.com\/pt\/wp-json\/wp\/v2\/users\/1"}],"replies":[{"embeddable":true,"href":"https:\/\/tvbrazilusa.com\/pt\/wp-json\/wp\/v2\/comments?post=113842"}],"version-history":[{"count":1,"href":"https:\/\/tvbrazilusa.com\/pt\/wp-json\/wp\/v2\/posts\/113842\/revisions"}],"predecessor-version":[{"id":113844,"href":"https:\/\/tvbrazilusa.com\/pt\/wp-json\/wp\/v2\/posts\/113842\/revisions\/113844"}],"wp:featuredmedia":[{"embeddable":true,"href":"https:\/\/tvbrazilusa.com\/pt\/wp-json\/wp\/v2\/media\/113843"}],"wp:attachment":[{"href":"https:\/\/tvbrazilusa.com\/pt\/wp-json\/wp\/v2\/media?parent=113842"}],"wp:term":[{"taxonomy":"category","embeddable":true,"href":"https:\/\/tvbrazilusa.com\/pt\/wp-json\/wp\/v2\/categories?post=113842"},{"taxonomy":"post_tag","embeddable":true,"href":"https:\/\/tvbrazilusa.com\/pt\/wp-json\/wp\/v2\/tags?post=113842"}],"curies":[{"name":"wp","href":"https:\/\/api.w.org\/{rel}","templated":true}]}}