{"id":11394,"date":"2024-07-29T15:39:42","date_gmt":"2024-07-29T15:39:42","guid":{"rendered":"https:\/\/tvbrazilusa.com\/2024\/07\/29\/lula-e-pressionado-por-ex-presidente-da-argentina-a-falar-sobre-venezuela\/"},"modified":"2024-07-29T15:47:41","modified_gmt":"2024-07-29T15:47:41","slug":"lula-e-pressionado-por-ex-presidente-da-argentina-a-falar-sobre-venezuela","status":"publish","type":"post","link":"https:\/\/tvbrazilusa.com\/pt\/2024\/07\/29\/lula-e-pressionado-por-ex-presidente-da-argentina-a-falar-sobre-venezuela\/","title":{"rendered":"Lula \u00e9 pressionado por ex-presidente da Argentina a falar sobre Venezuela"},"content":{"rendered":"<p> <script async src=\"https:\/\/pagead2.googlesyndication.com\/pagead\/js\/adsbygoogle.js?client=ca-pub-8864793242727901\"\r\n     crossorigin=\"anonymous\"><\/script><br \/>\n<\/p>\n<div>\n<p>Nesta segunda-feira (29), o ex-presidente argentino <strong>Mauricio Macri<\/strong> fez um apelo p\u00fablico para que <strong>Luiz In\u00e1cio Lula da Silva<\/strong> (PT) se manifeste sobre o resultado das elei\u00e7\u00f5es na Venezuela. O pedido acontece ap\u00f3s a oposi\u00e7\u00e3o venezuelana n\u00e3o reconhecer os resultados da elei\u00e7\u00e3o presidencial devido a ind\u00edcios de fraude. Esta situa\u00e7\u00e3o tem gerado muitas discuss\u00f5es e preocupa\u00e7\u00f5es na Am\u00e9rica Latina.<\/p>\n<p>Macri utilizou suas redes sociais para expressar sua preocupa\u00e7\u00e3o: \u201cEspero que o presidente Lula, a quem para al\u00e9m de nossas diferen\u00e7as considero um democrata, n\u00e3o permane\u00e7a calado. O que est\u00e1 acontecendo na Venezuela atenta contra a democracia e \u00e9 um enorme risco que essa ditadura perdure na nossa regi\u00e3o. Os venezuelanos e muitos l\u00edderes da Am\u00e9rica Latina e do mundo esperam sua palavra neste momento dif\u00edcil\u201d, escreveu o ex-presidente argentino.<\/p>\n<figure class=\"wp-block-image size-full\"><picture decoding=\"async\" class=\"wp-image-163786\"><source type=\"image\/webp\" srcset=\"https:\/\/terrabrasilnoticias.com\/wp-content\/uploads\/2024\/07\/image-942.png.webp 800w, https:\/\/terrabrasilnoticias.com\/wp-content\/uploads\/2024\/07\/image-942-300x199.png.webp 300w, https:\/\/terrabrasilnoticias.com\/wp-content\/uploads\/2024\/07\/image-942-768x510.png.webp 768w, https:\/\/terrabrasilnoticias.com\/wp-content\/uploads\/2024\/07\/image-942-750x498.png.webp 750w\" sizes=\"(max-width: 800px) 100vw, 800px\"\/><\/picture><figcaption class=\"wp-element-caption\">Eva Marie Uzcategui\/AFP<\/figcaption><\/figure>\n<h2 class=\"wp-block-heading\">Democracia em Risco na Venezuela<\/h2>\n<p>O <strong>Conselho Nacional Eleitoral<\/strong> (CNE) da Venezuela informou que o atual ditador do pa\u00eds, Nicol\u00e1s Maduro, foi reeleito com 51,2% dos votos. Em contrapartida, o principal candidato oposicionista, Edmundo Gonz\u00e1lez, obteve oficialmente 44,2% dos votos. Entretanto, esses n\u00fameros s\u00e3o contestados pela oposi\u00e7\u00e3o venezuelana.<\/p>\n<p>A oposi\u00e7\u00e3o, liderada pela ex-deputada Mar\u00eda Corina Machado, denuncia que teve acesso a apenas 40% das atas de totaliza\u00e7\u00e3o de votos impressas pelas urnas. Al\u00e9m disso, ela acusa o governo de ter interrompido deliberadamente a transmiss\u00e3o dos resultados. Segundo a oposi\u00e7\u00e3o, as atas obtidas indicam que o candidato Edmundo Gonz\u00e1lez teria recebido 70% dos votos, disputando drasticamente os n\u00fameros divulgados pelo CNE.<\/p>\n<h2 class=\"wp-block-heading\">Qual o Papel de Lula na Situa\u00e7\u00e3o Venezuelana?<\/h2>\n<p>Em uma entrevista exclusiva \u00e0 CNN antes das elei\u00e7\u00f5es, Mar\u00eda Corina Machado expressou a cren\u00e7a de que <strong>Lula<\/strong> est\u00e1 \u201centre as pessoas da comunidade internacional que mais influ\u00eancia podem ter em Nicol\u00e1s Maduro\u201d. Esta declara\u00e7\u00e3o coloca uma press\u00e3o adicional sobre o presidente brasileiro para se manifestar diante dos acontecimentos.<\/p>\n<p>Celso Amorim, assessor especial do presidente brasileiro para assuntos internacionais, est\u00e1 na Venezuela acompanhando o processo eleitoral. No entanto, at\u00e9 o momento, n\u00e3o fez declara\u00e7\u00f5es oficiais sobre o resultado das elei\u00e7\u00f5es. A aten\u00e7\u00e3o internacional est\u00e1 focada em como Lula ir\u00e1 responder, tornando sua posi\u00e7\u00e3o ainda mais impactante para a diplomacia regional.\u00a0<\/p>\n<p>Essa situa\u00e7\u00e3o ressalta a interdepend\u00eancia dos pa\u00edses latino-americanos em quest\u00f5es de governan\u00e7a e democracia, e como a\u00e7\u00f5es individuais de l\u00edderes podem reverberar por toda a regi\u00e3o.<\/p>\n<h2 class=\"wp-block-heading\">A Rea\u00e7\u00e3o Internacional<\/h2>\n<p>A comunidade internacional tem observado de perto os eventos na Venezuela, com v\u00e1rios l\u00edderes expressando suas preocupa\u00e7\u00f5es. A manifesta\u00e7\u00e3o de um l\u00edder como <strong>Lula<\/strong>, conhecido por sua influ\u00eancia, pode ser um ponto de virada na forma como a elei\u00e7\u00e3o venezuelana ser\u00e1 abordada globalmente.<\/p>\n<\/p><\/div>\n<p><br \/>\n<br \/><a href=\"https:\/\/terrabrasilnoticias.com\/2024\/07\/lula-e-pressionado-por-ex-presidente-da-argentina-a-falar-sobre-venezuela\/\">Source link <\/a><\/p>","protected":false},"excerpt":{"rendered":"<p>Nesta segunda-feira (29), o ex-presidente argentino Mauricio Macri fez um apelo p\u00fablico para que Luiz In\u00e1cio Lula da Silva (PT) se manifeste sobre o resultado das elei\u00e7\u00f5es na Venezuela. O&hellip;<\/p>","protected":false},"author":1,"featured_media":11395,"comment_status":"closed","ping_status":"open","sticky":false,"template":"","format":"standard","meta":{"content-type":"","footnotes":""},"categories":[16],"tags":[],"class_list":["post-11394","post","type-post","status-publish","format-standard","has-post-thumbnail","hentry","category-noticias"],"_links":{"self":[{"href":"https:\/\/tvbrazilusa.com\/pt\/wp-json\/wp\/v2\/posts\/11394","targetHints":{"allow":["GET"]}}],"collection":[{"href":"https:\/\/tvbrazilusa.com\/pt\/wp-json\/wp\/v2\/posts"}],"about":[{"href":"https:\/\/tvbrazilusa.com\/pt\/wp-json\/wp\/v2\/types\/post"}],"author":[{"embeddable":true,"href":"https:\/\/tvbrazilusa.com\/pt\/wp-json\/wp\/v2\/users\/1"}],"replies":[{"embeddable":true,"href":"https:\/\/tvbrazilusa.com\/pt\/wp-json\/wp\/v2\/comments?post=11394"}],"version-history":[{"count":1,"href":"https:\/\/tvbrazilusa.com\/pt\/wp-json\/wp\/v2\/posts\/11394\/revisions"}],"predecessor-version":[{"id":11396,"href":"https:\/\/tvbrazilusa.com\/pt\/wp-json\/wp\/v2\/posts\/11394\/revisions\/11396"}],"wp:featuredmedia":[{"embeddable":true,"href":"https:\/\/tvbrazilusa.com\/pt\/wp-json\/wp\/v2\/media\/11395"}],"wp:attachment":[{"href":"https:\/\/tvbrazilusa.com\/pt\/wp-json\/wp\/v2\/media?parent=11394"}],"wp:term":[{"taxonomy":"category","embeddable":true,"href":"https:\/\/tvbrazilusa.com\/pt\/wp-json\/wp\/v2\/categories?post=11394"},{"taxonomy":"post_tag","embeddable":true,"href":"https:\/\/tvbrazilusa.com\/pt\/wp-json\/wp\/v2\/tags?post=11394"}],"curies":[{"name":"wp","href":"https:\/\/api.w.org\/{rel}","templated":true}]}}