{"id":113969,"date":"2025-03-26T02:05:49","date_gmt":"2025-03-26T02:05:49","guid":{"rendered":"https:\/\/tvbrazilusa.com\/2025\/03\/26\/conheca-o-advogado-que-atua-na-defesa-de-jair-bolsonaro-no-stf\/"},"modified":"2025-03-26T02:05:51","modified_gmt":"2025-03-26T02:05:51","slug":"conheca-o-advogado-que-atua-na-defesa-de-jair-bolsonaro-no-stf","status":"publish","type":"post","link":"https:\/\/tvbrazilusa.com\/pt\/2025\/03\/26\/conheca-o-advogado-que-atua-na-defesa-de-jair-bolsonaro-no-stf\/","title":{"rendered":"Conhe\u00e7a o advogado que atua na defesa de Jair Bolsonaro no STF"},"content":{"rendered":"<p> <script async src=\"https:\/\/pagead2.googlesyndication.com\/pagead\/js\/adsbygoogle.js?client=ca-pub-8864793242727901\"\r\n     crossorigin=\"anonymous\"><\/script><br \/>\n<\/p>\n<div id=\"taboola-read-more\" style=\"display:block; width:100%\">\n<p>O advogado criminalista Celso Sanchez Vilardi est\u00e1 respons\u00e1vel pela defesa do ex-presidente Jair Bolsonaro (PL), no julgamento do Supremo Tribunal Federal (STF). Ele assumiu a defesa, em janeiro, nos casos que tramitam no Supremo Tribunal Federal (STF).\n<\/p>\n<p>Vilardi substituiu o advogado Paulo Cunha Bueno, que liderava a defesa do l\u00edder da direita. Bueno, no entanto, continuar\u00e1 atuando na equipe de defensores de Bolsonaro.<\/p>\n<p>Formado em Direito e mestre em Direito Processual Penal pela Pontif\u00edcia Universidade Cat\u00f3lica de S\u00e3o Paulo (PUC-SP), Vilardi \u00e9 especialista em Teoria Geral do Processo. Foi coordenador e, atualmente, \u00e9 professor do curso de p\u00f3s-gradua\u00e7\u00e3o em Direito Penal Econ\u00f4mico na Escola de Direito da Funda\u00e7\u00e3o Getulio Vargas de S\u00e3o Paulo (FGV\/Law).\n<\/p>\n<p>Bolsonaro foi indiciado pela Pol\u00edcia Federal (PF) por suposta aboli\u00e7\u00e3o violenta do Estado Democr\u00e1tico de Direito, golpe de Estado e organiza\u00e7\u00e3o criminosa.\u00a0\n<\/p>\n<p>Fonte: Pleno News              <\/p>\n<\/div>\n<p><br \/>\n<br \/><a href=\"https:\/\/diariodobrasilnoticias.com.br\/noticia\/conheca-o-advogado-que-atua-na-defesa-de-jair-bolsonaro-no-stf-67e32a0667b31\">Source link <\/a><\/p>","protected":false},"excerpt":{"rendered":"<p>O advogado criminalista Celso Sanchez Vilardi est\u00e1 respons\u00e1vel pela defesa do ex-presidente Jair Bolsonaro (PL), no julgamento do Supremo Tribunal Federal (STF). Ele assumiu a defesa, em janeiro, nos casos&hellip;<\/p>","protected":false},"author":1,"featured_media":113970,"comment_status":"closed","ping_status":"open","sticky":false,"template":"","format":"standard","meta":{"content-type":"","footnotes":""},"categories":[16],"tags":[123,2448,5313,1267],"class_list":["post-113969","post","type-post","status-publish","format-standard","has-post-thumbnail","hentry","category-noticias","tag-brasil","tag-diario","tag-noticia","tag-noticias"],"_links":{"self":[{"href":"https:\/\/tvbrazilusa.com\/pt\/wp-json\/wp\/v2\/posts\/113969","targetHints":{"allow":["GET"]}}],"collection":[{"href":"https:\/\/tvbrazilusa.com\/pt\/wp-json\/wp\/v2\/posts"}],"about":[{"href":"https:\/\/tvbrazilusa.com\/pt\/wp-json\/wp\/v2\/types\/post"}],"author":[{"embeddable":true,"href":"https:\/\/tvbrazilusa.com\/pt\/wp-json\/wp\/v2\/users\/1"}],"replies":[{"embeddable":true,"href":"https:\/\/tvbrazilusa.com\/pt\/wp-json\/wp\/v2\/comments?post=113969"}],"version-history":[{"count":1,"href":"https:\/\/tvbrazilusa.com\/pt\/wp-json\/wp\/v2\/posts\/113969\/revisions"}],"predecessor-version":[{"id":113971,"href":"https:\/\/tvbrazilusa.com\/pt\/wp-json\/wp\/v2\/posts\/113969\/revisions\/113971"}],"wp:featuredmedia":[{"embeddable":true,"href":"https:\/\/tvbrazilusa.com\/pt\/wp-json\/wp\/v2\/media\/113970"}],"wp:attachment":[{"href":"https:\/\/tvbrazilusa.com\/pt\/wp-json\/wp\/v2\/media?parent=113969"}],"wp:term":[{"taxonomy":"category","embeddable":true,"href":"https:\/\/tvbrazilusa.com\/pt\/wp-json\/wp\/v2\/categories?post=113969"},{"taxonomy":"post_tag","embeddable":true,"href":"https:\/\/tvbrazilusa.com\/pt\/wp-json\/wp\/v2\/tags?post=113969"}],"curies":[{"name":"wp","href":"https:\/\/api.w.org\/{rel}","templated":true}]}}