{"id":113972,"date":"2025-03-26T02:18:22","date_gmt":"2025-03-26T02:18:22","guid":{"rendered":"https:\/\/tvbrazilusa.com\/2025\/03\/26\/morre-ceo-da-samsung-que-fez-da-companhia-lider-no-setor-de-tvs\/"},"modified":"2025-03-26T02:18:24","modified_gmt":"2025-03-26T02:18:24","slug":"morre-ceo-da-samsung-que-fez-da-companhia-lider-no-setor-de-tvs","status":"publish","type":"post","link":"https:\/\/tvbrazilusa.com\/pt\/2025\/03\/26\/morre-ceo-da-samsung-que-fez-da-companhia-lider-no-setor-de-tvs\/","title":{"rendered":"Morre CEO da Samsung que fez da companhia l\u00edder no setor de TVs"},"content":{"rendered":"<p> <script async src=\"https:\/\/pagead2.googlesyndication.com\/pagead\/js\/adsbygoogle.js?client=ca-pub-8864793242727901\"\r\n     crossorigin=\"anonymous\"><\/script><br \/>\n<\/p>\n<div>\n<figure class=\"post-image\">\n<\/figure>\n<p>            <span style=\"font-size: 12px\">Photo by Artur Widak\/NurPhoto via Getty Images<\/span><\/p>\n<p>            <!-- end metas --><br \/>\n            <!-- ADS --><\/p>\n<div id=\"taboola-read-more\" style=\"display:block; width:100%\">\n<p>A Samsung Eletronics divulgou, nesta ter\u00e7a-feira (25\/1), a morte do co-CEO da empresa, Han Jon-hee. A causa divulgada foi um ataque card\u00edaco, ocorrido nesta ter\u00e7a. Ele tinha 63 anos.\n<\/p>\n<p>\u201cEle morreu de uma parada card\u00edaca hoje\u201d e deixa esposa e tr\u00eas filhos, disse um porta-voz da Samsung.<\/p>\n<p>Jon-hee ingressou na companhia em 1988 e se tornou l\u00edder do setor de desenvolvimento de produtos visuais em 2011. O cargo de CEO veio em 2022.\n<\/p>\n<p>A pr\u00f3pria companhia valoriza a contribui\u00e7\u00e3o de Jon-hee para que a empresa al\u00e7asse a condi\u00e7\u00e3o de l\u00edder na produ\u00e7\u00e3o de TVs.\n<\/p>\n<p>\u201cNossas mais profundas condol\u00eancias est\u00e3o com sua fam\u00edlia e entes queridos neste momento dif\u00edcil\u201d, disse a Samsung.\n<\/p>\n<p>H\u00e1 apenas uma semana, o executivo liderava uma confer\u00eancia em Suwon, na Coreia do Sul, ocasi\u00e3o na qual fez esclarecimentos sobre o fraco desempenho de a\u00e7\u00f5es da companhia.\n<\/p>\n<p>Fonte: Metr\u00f3poles              <\/p>\n<\/div>\n<p>                        <!-- Scripts para conteudo --><\/p>\n<p>            <!-- .\/Scripts para conteudo --><br \/>\n            <!-- .\/Mat\u00e9ria --><\/p>\n<div class=\"row mt-3\">\n<div class=\"col-sm-6\">\n                <!-- Whatsapp channel 3--><br \/>\n                <a href=\"https:\/\/chat.whatsapp.com\/B8Qy6Erx4kb6yTzj3kaDco\" target=\"_blank\"><br \/>\n                  <img decoding=\"async\" src=\"https:\/\/diariodobrasilnoticias.com.br\/assets-site\/images\/bot_whatsapp.png\"\/><\/a>\n              <\/div>\n<div class=\"col-sm-6\">\n                <a href=\"https:\/\/t.me\/+_4gTmi5LKo03OTM5\" target=\"_blank\"><br \/>\n                  <img decoding=\"async\" src=\"https:\/\/diariodobrasilnoticias.com.br\/assets-site\/images\/bot_telegram.png\"\/><\/a>\n              <\/div>\n<\/p><\/div>\n<p>            <!-- end post-navigation --><\/p>\n<p>              <!-- end row --><\/p>\n<p>              <!-- end col-12-->\n                      <\/div>\n<p><br \/>\n<br \/><a href=\"https:\/\/diariodobrasilnoticias.com.br\/noticia\/morre-ceo-da-samsung-que-fez-da-companhia-lider-no-setor-de-tvs-67e341b2bf138\">Source link <\/a><\/p>","protected":false},"excerpt":{"rendered":"<p>Photo by Artur Widak\/NurPhoto via Getty Images A Samsung Eletronics divulgou, nesta ter\u00e7a-feira (25\/1), a morte do co-CEO da empresa, Han Jon-hee. A causa divulgada foi um ataque card\u00edaco, ocorrido&hellip;<\/p>","protected":false},"author":1,"featured_media":113973,"comment_status":"closed","ping_status":"open","sticky":false,"template":"","format":"standard","meta":{"content-type":"","footnotes":""},"categories":[16],"tags":[123,2448,5313,1267],"class_list":["post-113972","post","type-post","status-publish","format-standard","has-post-thumbnail","hentry","category-noticias","tag-brasil","tag-diario","tag-noticia","tag-noticias"],"_links":{"self":[{"href":"https:\/\/tvbrazilusa.com\/pt\/wp-json\/wp\/v2\/posts\/113972","targetHints":{"allow":["GET"]}}],"collection":[{"href":"https:\/\/tvbrazilusa.com\/pt\/wp-json\/wp\/v2\/posts"}],"about":[{"href":"https:\/\/tvbrazilusa.com\/pt\/wp-json\/wp\/v2\/types\/post"}],"author":[{"embeddable":true,"href":"https:\/\/tvbrazilusa.com\/pt\/wp-json\/wp\/v2\/users\/1"}],"replies":[{"embeddable":true,"href":"https:\/\/tvbrazilusa.com\/pt\/wp-json\/wp\/v2\/comments?post=113972"}],"version-history":[{"count":1,"href":"https:\/\/tvbrazilusa.com\/pt\/wp-json\/wp\/v2\/posts\/113972\/revisions"}],"predecessor-version":[{"id":113974,"href":"https:\/\/tvbrazilusa.com\/pt\/wp-json\/wp\/v2\/posts\/113972\/revisions\/113974"}],"wp:featuredmedia":[{"embeddable":true,"href":"https:\/\/tvbrazilusa.com\/pt\/wp-json\/wp\/v2\/media\/113973"}],"wp:attachment":[{"href":"https:\/\/tvbrazilusa.com\/pt\/wp-json\/wp\/v2\/media?parent=113972"}],"wp:term":[{"taxonomy":"category","embeddable":true,"href":"https:\/\/tvbrazilusa.com\/pt\/wp-json\/wp\/v2\/categories?post=113972"},{"taxonomy":"post_tag","embeddable":true,"href":"https:\/\/tvbrazilusa.com\/pt\/wp-json\/wp\/v2\/tags?post=113972"}],"curies":[{"name":"wp","href":"https:\/\/api.w.org\/{rel}","templated":true}]}}