{"id":113975,"date":"2025-03-26T02:31:43","date_gmt":"2025-03-26T02:31:43","guid":{"rendered":"https:\/\/tvbrazilusa.com\/2025\/03\/26\/sebastiao-coelho-entra-com-peticao-no-stf-para-garantir-preservacao-das-imagens-de-sua-prisao\/"},"modified":"2025-03-26T02:31:45","modified_gmt":"2025-03-26T02:31:45","slug":"sebastiao-coelho-entra-com-peticao-no-stf-para-garantir-preservacao-das-imagens-de-sua-prisao","status":"publish","type":"post","link":"https:\/\/tvbrazilusa.com\/pt\/2025\/03\/26\/sebastiao-coelho-entra-com-peticao-no-stf-para-garantir-preservacao-das-imagens-de-sua-prisao\/","title":{"rendered":"Sebasti\u00e3o Coelho entra com peti\u00e7\u00e3o no STF para garantir preserva\u00e7\u00e3o das imagens de sua pris\u00e3o"},"content":{"rendered":"<p> <script async src=\"https:\/\/pagead2.googlesyndication.com\/pagead\/js\/adsbygoogle.js?client=ca-pub-8864793242727901\"\r\n     crossorigin=\"anonymous\"><\/script><br \/>\n<\/p>\n<div id=\"taboola-read-more\" style=\"display:block; width:100%\">\n<p>O desembargador aposentado Sebasti\u00e3o Coelho protocolou, na tarde desta ter\u00e7a-feira, 25, uma peti\u00e7\u00e3o endere\u00e7ada ao presidente do Supremo Tribunal Federal (STF), Lu\u00eds Roberto Barroso.\n<\/p>\n<p>O documento solicita, em car\u00e1ter urgente, a preserva\u00e7\u00e3o das imagens do circuito interno da Corte que mostram o momento em que Coelho e o advogado Edson da Silva Marques foram abordados pela Pol\u00edcia Judici\u00e1ria e receberam ordem de pris\u00e3o.<\/p>\n<p>Ambos s\u00e3o advogados de defesa do ex-assessor especial da Presid\u00eancia Filipe Martins. Na manh\u00e3 desta ter\u00e7a-feira, Coelho e Edson Marques foram impedidos de entrar na Primeira Turma do STF para assistir ao julgamento da den\u00fancia do primeiro n\u00facleo acusado de envolvimento em um suposto golpe de Estado. Embora n\u00e3o fa\u00e7a parte desse grupo, Martins est\u00e1 entre os 34 denunciados do processo.\n<\/p>\n<p>A peti\u00e7\u00e3o de Coelho pede tamb\u00e9m que as imagens sejam acauteladas, ou seja, protegidas, e inclu\u00eddas no autos. Al\u00e9m disso, o documento requer a identifica\u00e7\u00e3o e a oitiva dos agentes que escoltaram e deram ordem de pris\u00e3o aos advogados. O desembargador ainda solicita uma grava\u00e7\u00e3o da liga\u00e7\u00e3o telef\u00f4nica realizada no dia anterior, pelo advogado Edson Marques, solicitando informa\u00e7\u00f5es sobre credenciamento para assistir \u00e0 sess\u00e3o.\n<\/p>\n<p>O que diz a peti\u00e7\u00e3o<br \/>De acordo com o documento protocolado pela defesa de Martins, o advogado Edson Marques ligou, nesta segunda-feira, 24, para a Secretaria da Primeira Turma do STF. Na ocasi\u00e3o, ele perguntou se havia necessidade de credenciamento para acompanhar presencialmente o julgamento.\n<\/p>\n<p>O servidor teria respondido que n\u00e3o, uma vez que ele e Coelho s\u00e3o advogados constitu\u00eddos no caso. Apesar disso, ambos foram barrados no STF sob a justificativa de que seus nomes n\u00e3o constavam na lista de credenciados.\n<\/p>\n<p>A peti\u00e7\u00e3o ainda informa que, depois de terem insistido para entrar no plen\u00e1rio, eles foram levados a uma sala e receberam ordem de pris\u00e3o e tiveram seus celulares apreendidos.\n<\/p>\n<p>Fonte: Revista Oeste              <\/p>\n<\/div>\n<p><br \/>\n<br \/><a href=\"https:\/\/diariodobrasilnoticias.com.br\/noticia\/sebastiao-coelho-entra-com-peticao-no-stf-para-garantir-preservacao-das-imagens-de-sua-prisao-67e3424085832\">Source link <\/a><\/p>","protected":false},"excerpt":{"rendered":"<p>O desembargador aposentado Sebasti\u00e3o Coelho protocolou, na tarde desta ter\u00e7a-feira, 25, uma peti\u00e7\u00e3o endere\u00e7ada ao presidente do Supremo Tribunal Federal (STF), Lu\u00eds Roberto Barroso. O documento solicita, em car\u00e1ter urgente,&hellip;<\/p>","protected":false},"author":1,"featured_media":113976,"comment_status":"closed","ping_status":"open","sticky":false,"template":"","format":"standard","meta":{"content-type":"","footnotes":""},"categories":[16],"tags":[123,2448,5313,1267],"class_list":["post-113975","post","type-post","status-publish","format-standard","has-post-thumbnail","hentry","category-noticias","tag-brasil","tag-diario","tag-noticia","tag-noticias"],"_links":{"self":[{"href":"https:\/\/tvbrazilusa.com\/pt\/wp-json\/wp\/v2\/posts\/113975","targetHints":{"allow":["GET"]}}],"collection":[{"href":"https:\/\/tvbrazilusa.com\/pt\/wp-json\/wp\/v2\/posts"}],"about":[{"href":"https:\/\/tvbrazilusa.com\/pt\/wp-json\/wp\/v2\/types\/post"}],"author":[{"embeddable":true,"href":"https:\/\/tvbrazilusa.com\/pt\/wp-json\/wp\/v2\/users\/1"}],"replies":[{"embeddable":true,"href":"https:\/\/tvbrazilusa.com\/pt\/wp-json\/wp\/v2\/comments?post=113975"}],"version-history":[{"count":1,"href":"https:\/\/tvbrazilusa.com\/pt\/wp-json\/wp\/v2\/posts\/113975\/revisions"}],"predecessor-version":[{"id":113977,"href":"https:\/\/tvbrazilusa.com\/pt\/wp-json\/wp\/v2\/posts\/113975\/revisions\/113977"}],"wp:featuredmedia":[{"embeddable":true,"href":"https:\/\/tvbrazilusa.com\/pt\/wp-json\/wp\/v2\/media\/113976"}],"wp:attachment":[{"href":"https:\/\/tvbrazilusa.com\/pt\/wp-json\/wp\/v2\/media?parent=113975"}],"wp:term":[{"taxonomy":"category","embeddable":true,"href":"https:\/\/tvbrazilusa.com\/pt\/wp-json\/wp\/v2\/categories?post=113975"},{"taxonomy":"post_tag","embeddable":true,"href":"https:\/\/tvbrazilusa.com\/pt\/wp-json\/wp\/v2\/tags?post=113975"}],"curies":[{"name":"wp","href":"https:\/\/api.w.org\/{rel}","templated":true}]}}