{"id":113981,"date":"2025-03-26T02:44:37","date_gmt":"2025-03-26T02:44:37","guid":{"rendered":"https:\/\/tvbrazilusa.com\/2025\/03\/26\/interpelacoes-da-defesa-de-bolsonaro-sao-rejeitadas-pela-1a-turma\/"},"modified":"2025-03-26T02:44:38","modified_gmt":"2025-03-26T02:44:38","slug":"interpelacoes-da-defesa-de-bolsonaro-sao-rejeitadas-pela-1a-turma","status":"publish","type":"post","link":"https:\/\/tvbrazilusa.com\/pt\/2025\/03\/26\/interpelacoes-da-defesa-de-bolsonaro-sao-rejeitadas-pela-1a-turma\/","title":{"rendered":"Interpela\u00e7\u00f5es da defesa de Bolsonaro s\u00e3o rejeitadas pela 1\u00aa Turma"},"content":{"rendered":"<p> <script async src=\"https:\/\/pagead2.googlesyndication.com\/pagead\/js\/adsbygoogle.js?client=ca-pub-8864793242727901\"\r\n     crossorigin=\"anonymous\"><\/script><br \/>\n<\/p>\n<div id=\"taboola-read-more\" style=\"display:block; width:100%\">\n<p>A 1\u00aa Turma do Supremo Tribuna Federal (STF) rejeitou, nesta ter\u00e7a-feira, 25, as interpela\u00e7\u00f5es da defesa do ex-presidente Jair Bolsonaro, sobre a den\u00fancia da Procuradoria-Geral da Rep\u00fablica (PGR). Bolsonaro responde por suposta tentativa de golpe de Estado.\n<\/p>\n<p>Na sess\u00e3o de hoje, os ministros avaliaram as primeiras etapas do processo. Amanh\u00e3, o colegiado vai decidir se aceita ou n\u00e3o a den\u00fancia da PGR.<\/p>\n<p>Durante as primeiras horas, houve a leitura de um documento a respeito das supostas condutas do ex-presidente. O relator do caso, Alexandre de Moraes, disse que ocorreram \u201csucessivos ataques \u00e0 democracia\u201d. Na sequ\u00eancia, o PGR, Paulo Gonet, apresentou os argumentos da Procuradoria e, por fim, as defesas dos outros sete acusados fizeram sustenta\u00e7\u00e3o oral.\n<\/p>\n<p>Em outro momento do julgamento, os ministros se debru\u00e7aram a respeito das interpela\u00e7\u00f5es dos advogados e rejeitaram todas, entre elas, o impedimento de Moraes, Fl\u00e1vio Dino e Cristiano Zanin, a nulidade da dela\u00e7\u00e3o e a incompet\u00eancia do STF para julgar o caso.\n<\/p>\n<p><strong>Segundo dia da an\u00e1lise da den\u00fancia contra o Jair Bolsonaro<\/strong>\n<\/p>\n<p>Amanh\u00e3, na quarta-feira 26, o STF julgar\u00e1 se aceita ou n\u00e3o a den\u00fancia. Se isso ocorrer, os envolvidos se tornam r\u00e9us e v\u00e3o responder a um processo penal na Corte.\n<\/p>\n<p>Fonte: Revista Oeste              <\/p>\n<\/div>\n<p><br \/>\n<br \/><a href=\"https:\/\/diariodobrasilnoticias.com.br\/noticia\/interpelacoes-da-defesa-de-bolsonaro-sao-rejeitadas-pela-1-turma-67e32733d3816\">Source link <\/a><\/p>","protected":false},"excerpt":{"rendered":"<p>A 1\u00aa Turma do Supremo Tribuna Federal (STF) rejeitou, nesta ter\u00e7a-feira, 25, as interpela\u00e7\u00f5es da defesa do ex-presidente Jair Bolsonaro, sobre a den\u00fancia da Procuradoria-Geral da Rep\u00fablica (PGR). Bolsonaro responde&hellip;<\/p>","protected":false},"author":1,"featured_media":113982,"comment_status":"closed","ping_status":"open","sticky":false,"template":"","format":"standard","meta":{"content-type":"","footnotes":""},"categories":[16],"tags":[123,2448,5313,1267],"class_list":["post-113981","post","type-post","status-publish","format-standard","has-post-thumbnail","hentry","category-noticias","tag-brasil","tag-diario","tag-noticia","tag-noticias"],"_links":{"self":[{"href":"https:\/\/tvbrazilusa.com\/pt\/wp-json\/wp\/v2\/posts\/113981","targetHints":{"allow":["GET"]}}],"collection":[{"href":"https:\/\/tvbrazilusa.com\/pt\/wp-json\/wp\/v2\/posts"}],"about":[{"href":"https:\/\/tvbrazilusa.com\/pt\/wp-json\/wp\/v2\/types\/post"}],"author":[{"embeddable":true,"href":"https:\/\/tvbrazilusa.com\/pt\/wp-json\/wp\/v2\/users\/1"}],"replies":[{"embeddable":true,"href":"https:\/\/tvbrazilusa.com\/pt\/wp-json\/wp\/v2\/comments?post=113981"}],"version-history":[{"count":1,"href":"https:\/\/tvbrazilusa.com\/pt\/wp-json\/wp\/v2\/posts\/113981\/revisions"}],"predecessor-version":[{"id":113983,"href":"https:\/\/tvbrazilusa.com\/pt\/wp-json\/wp\/v2\/posts\/113981\/revisions\/113983"}],"wp:featuredmedia":[{"embeddable":true,"href":"https:\/\/tvbrazilusa.com\/pt\/wp-json\/wp\/v2\/media\/113982"}],"wp:attachment":[{"href":"https:\/\/tvbrazilusa.com\/pt\/wp-json\/wp\/v2\/media?parent=113981"}],"wp:term":[{"taxonomy":"category","embeddable":true,"href":"https:\/\/tvbrazilusa.com\/pt\/wp-json\/wp\/v2\/categories?post=113981"},{"taxonomy":"post_tag","embeddable":true,"href":"https:\/\/tvbrazilusa.com\/pt\/wp-json\/wp\/v2\/tags?post=113981"}],"curies":[{"name":"wp","href":"https:\/\/api.w.org\/{rel}","templated":true}]}}