{"id":113984,"date":"2025-03-26T02:59:33","date_gmt":"2025-03-26T02:59:33","guid":{"rendered":"https:\/\/tvbrazilusa.com\/2025\/03\/26\/sebastiao-coelho-entra-com-peticao-no-stf-para-garantir-a-preservacao-das-imagens-de-sua-prisao\/"},"modified":"2025-03-26T02:59:35","modified_gmt":"2025-03-26T02:59:35","slug":"sebastiao-coelho-entra-com-peticao-no-stf-para-garantir-a-preservacao-das-imagens-de-sua-prisao","status":"publish","type":"post","link":"https:\/\/tvbrazilusa.com\/pt\/2025\/03\/26\/sebastiao-coelho-entra-com-peticao-no-stf-para-garantir-a-preservacao-das-imagens-de-sua-prisao\/","title":{"rendered":"Sebasti\u00e3o Coelho entra com peti\u00e7\u00e3o no STF para garantir a preserva\u00e7\u00e3o das imagens de sua pris\u00e3o"},"content":{"rendered":"<p> <script async src=\"https:\/\/pagead2.googlesyndication.com\/pagead\/js\/adsbygoogle.js?client=ca-pub-8864793242727901\"\r\n     crossorigin=\"anonymous\"><\/script><br \/>\n<\/p>\n<div id=\"taboola-read-more\" style=\"display:block; width:100%\">\n<p>O desembargador aposentado Sebasti\u00e3o Coelho protocolou, na tarde desta ter\u00e7a-feira, 25, uma peti\u00e7\u00e3o endere\u00e7ada ao presidente do Supremo Tribunal Federal (STF), Lu\u00eds Roberto Barroso.\n<\/p>\n<p>O documento solicita, em car\u00e1ter urgente, a preserva\u00e7\u00e3o das imagens do circuito interno da Corte que mostram o momento em que Coelho e o advogado Edson da Silva Marques foram abordados pela Pol\u00edcia Judici\u00e1ria e receberam ordem de pris\u00e3o.<\/p>\n<p>Ambos s\u00e3o advogados de defesa do ex-assessor especial da Presid\u00eancia Filipe Martins. Na manh\u00e3 desta ter\u00e7a-feira, Coelho e Edson Marques foram impedidos de entrar na Primeira Turma do STF para assistir ao julgamento da den\u00fancia do primeiro n\u00facleo acusado de envolvimento em um suposto golpe de Estado. Embora n\u00e3o fa\u00e7a parte desse grupo, Martins est\u00e1 entre os 34 denunciados do processo.\n<\/p>\n<p>A peti\u00e7\u00e3o de Coelho pede tamb\u00e9m que as imagens sejam acauteladas, ou seja, protegidas, e inclu\u00eddas no autos. Al\u00e9m disso, o documento requer a identifica\u00e7\u00e3o e a oitiva dos agentes que escoltaram e deram ordem de pris\u00e3o aos advogados. O desembargador ainda solicita uma grava\u00e7\u00e3o da liga\u00e7\u00e3o telef\u00f4nica realizada no dia anterior, pelo advogado Edson Marques, solicitando informa\u00e7\u00f5es sobre credenciamento para assistir \u00e0 sess\u00e3o.\n<\/p>\n<p><strong>O que diz a peti\u00e7\u00e3o<\/strong><br \/>De acordo com o documento protocolado pela defesa de Martins, o advogado Edson Marques ligou, nesta segunda-feira, 24, para a Secretaria da Primeira Turma do STF. Na ocasi\u00e3o, ele perguntou se havia necessidade de credenciamento para acompanhar presencialmente o julgamento.\n<\/p>\n<p>O servidor teria respondido que n\u00e3o, uma vez que ele e Coelho s\u00e3o advogados constitu\u00eddos no caso. Apesar disso, ambos foram barrados no STF sob a justificativa de que seus nomes n\u00e3o constavam na lista de credenciados.\n<\/p>\n<p>A peti\u00e7\u00e3o ainda informa que, depois de terem insistido para entrar no plen\u00e1rio, eles foram levados a uma sala e receberam ordem de pris\u00e3o e tiveram seus celulares apreendidos.\n<\/p>\n<p>Em entrevista ao programa Faroeste \u00e0 Brasileira, de Oeste, Coelho disse que, em um primeiro momento, o agente informou que a ordem de pris\u00e3o teria sido dada pelo ministro do STF Alexandre de Moraes, relator do caso. \u201cOuvi as seguintes palavras: \u2018Doutor Sebasti\u00e3o, o senhor est\u00e1 preso por ordem do ministro Alexandre de Moraes&#8217;\u201d, disse o desembargador aposentado.\n<\/p>\n<p>Neste momento, Coelho exigiu a presen\u00e7a de um representante da Ordem dos Advogados do Brasil (OAB). Depois do pedido, os seguran\u00e7as hesitaram, devolveram os celulares e liberaram os dois advogados sem registrar ocorr\u00eancia.\n<\/p>\n<p>\u201cA cena retrata uma grav\u00edssima ofensa \u00e0s prerrogativas funcionais dos procuradores\u201d, diz o texto da peti\u00e7\u00e3o. \u201cVeja-se que sequer seria necess\u00e1rio \u2018reservar\u2019 lugar no plen\u00e1rio, na medida em que o ato processual \u00e9 de interesse direito de Filipe Martins.\u201d\n<\/p>\n<p>O documento informa ainda que n\u00e3o houve resist\u00eancia nem desacato. \u201cAdemais, que n\u00e3o se diga que houve qualquer tipo de ofensa com objetivo de provocar situa\u00e7\u00e3o de suspei\u00e7\u00e3o\u201d, diz o texto. \u201cO que houve foi uma tentativa de exercer prerrogativa funcional. Portanto, n\u00e3o se pode aceitar a invers\u00e3o de pap\u00e9is.\u201d\n<\/p>\n<p>\u201cFui impedido pelo fato de ser Sebasti\u00e3o Coelho\u201d, diz o desembargador<br \/>Ainda em entrevista ao vivo ao programa Faroeste \u00e0 Brasileira, o desembargador aposentado refor\u00e7ou que n\u00e3o havia motivos para ser impedido de assistir ao julgamento. Segundo ele, havia cadeiras vazias no plen\u00e1rio da Primeira Turma do STF. \u201cFui impedido, acho, pelo fato de ser Sebasti\u00e3o Coelho\u201d, afirmou.\n<\/p>\n<p>Coelho disse ainda que o julgamento da den\u00fancia contra o ex-presidente Jair Bolsonaro e outros 33 acusados \u00e9 \u201cde cartas marcadas\u201d. Apesar disso, pela falta de materialidade das acusa\u00e7\u00f5es contra Martins, ele afirmou que tem a expectativa de que a den\u00fancia contra o ex-assessor seja rejeitada.\n<\/p>\n<p>Fonte: Revista Oeste              <\/p>\n<\/div>\n<p><br \/>\n<br \/><a href=\"https:\/\/diariodobrasilnoticias.com.br\/noticia\/sebastiao-coelho-entra-com-peticao-no-stf-para-garantir-a-preservacao-das-imagens-de-sua-prisao-67e326bbb4bc6\">Source link <\/a><\/p>","protected":false},"excerpt":{"rendered":"<p>O desembargador aposentado Sebasti\u00e3o Coelho protocolou, na tarde desta ter\u00e7a-feira, 25, uma peti\u00e7\u00e3o endere\u00e7ada ao presidente do Supremo Tribunal Federal (STF), Lu\u00eds Roberto Barroso. O documento solicita, em car\u00e1ter urgente,&hellip;<\/p>","protected":false},"author":1,"featured_media":113985,"comment_status":"closed","ping_status":"open","sticky":false,"template":"","format":"standard","meta":{"content-type":"","footnotes":""},"categories":[16],"tags":[123,2448,5313,1267],"class_list":["post-113984","post","type-post","status-publish","format-standard","has-post-thumbnail","hentry","category-noticias","tag-brasil","tag-diario","tag-noticia","tag-noticias"],"_links":{"self":[{"href":"https:\/\/tvbrazilusa.com\/pt\/wp-json\/wp\/v2\/posts\/113984","targetHints":{"allow":["GET"]}}],"collection":[{"href":"https:\/\/tvbrazilusa.com\/pt\/wp-json\/wp\/v2\/posts"}],"about":[{"href":"https:\/\/tvbrazilusa.com\/pt\/wp-json\/wp\/v2\/types\/post"}],"author":[{"embeddable":true,"href":"https:\/\/tvbrazilusa.com\/pt\/wp-json\/wp\/v2\/users\/1"}],"replies":[{"embeddable":true,"href":"https:\/\/tvbrazilusa.com\/pt\/wp-json\/wp\/v2\/comments?post=113984"}],"version-history":[{"count":1,"href":"https:\/\/tvbrazilusa.com\/pt\/wp-json\/wp\/v2\/posts\/113984\/revisions"}],"predecessor-version":[{"id":113986,"href":"https:\/\/tvbrazilusa.com\/pt\/wp-json\/wp\/v2\/posts\/113984\/revisions\/113986"}],"wp:featuredmedia":[{"embeddable":true,"href":"https:\/\/tvbrazilusa.com\/pt\/wp-json\/wp\/v2\/media\/113985"}],"wp:attachment":[{"href":"https:\/\/tvbrazilusa.com\/pt\/wp-json\/wp\/v2\/media?parent=113984"}],"wp:term":[{"taxonomy":"category","embeddable":true,"href":"https:\/\/tvbrazilusa.com\/pt\/wp-json\/wp\/v2\/categories?post=113984"},{"taxonomy":"post_tag","embeddable":true,"href":"https:\/\/tvbrazilusa.com\/pt\/wp-json\/wp\/v2\/tags?post=113984"}],"curies":[{"name":"wp","href":"https:\/\/api.w.org\/{rel}","templated":true}]}}