{"id":114008,"date":"2025-03-26T10:18:34","date_gmt":"2025-03-26T10:18:34","guid":{"rendered":"https:\/\/tvbrazilusa.com\/2025\/03\/26\/branca-de-neve-vira-pesadelo-para-a-disney\/"},"modified":"2025-03-26T10:18:38","modified_gmt":"2025-03-26T10:18:38","slug":"branca-de-neve-vira-pesadelo-para-a-disney","status":"publish","type":"post","link":"https:\/\/tvbrazilusa.com\/pt\/2025\/03\/26\/branca-de-neve-vira-pesadelo-para-a-disney\/","title":{"rendered":"Branca de Neve vira pesadelo para a Disney"},"content":{"rendered":"<p> <script async src=\"https:\/\/pagead2.googlesyndication.com\/pagead\/js\/adsbygoogle.js?client=ca-pub-8864793242727901\"\r\n     crossorigin=\"anonymous\"><\/script><br \/>\n<\/p>\n<div id=\"taboola-read-more\" style=\"display:block; width:100%\">\n<p>A Disney instaurou uma opera\u00e7\u00e3o de gest\u00e3o de crise para conter os efeitos de declara\u00e7\u00f5es pol\u00eamicas da atriz Rachel Zegler, protagonista do live-action de Branca de Neve.\n<\/p>\n<p>Segundo revelou a revista Variety, a estrat\u00e9gia incluiu o refor\u00e7o da seguran\u00e7a da atriz israelense Gal Gadot e a contrata\u00e7\u00e3o de um especialista em redes sociais para monitorar publica\u00e7\u00f5es de Zegler antes da estreia do filme.<\/p>\n<p>R<br \/>A Disney instaurou uma opera\u00e7\u00e3o de gest\u00e3o de crise para conter os efeitos de declara\u00e7\u00f5es pol\u00eamicas da atriz Rachel Zegler, protagonista do live-action de Branca de Neve.\n<\/p>\n<p>Segundo revelou a revista Variety, a estrat\u00e9gia incluiu o refor\u00e7o da seguran\u00e7a da atriz israelense Gal Gadot e a contrata\u00e7\u00e3o de um especialista em redes sociais para monitorar publica\u00e7\u00f5es de Zegler antes da estreia do filme.\n<\/p>\n<p>Pr\u00f3ximo v\u00eddeo em 5Cancelar<br \/>A crise teve in\u00edcio em agosto de 2024, quando Zegler publicou nas redes sociais a frase \u201cFree Palestine\u201d (\u201cPalestina Livre\u201d) durante a campanha promocional do longa. A cr\u00edtica impl\u00edcita a Israel coincidiu com um aumento de amea\u00e7as de morte e declara\u00e7\u00f5es antissemitas contra Gal Gadot nas redes sociais. A Disney decidiu intervir.\n<\/p>\n<p>O produtor Marc Platt se envolveu diretamente na condu\u00e7\u00e3o da crise e teria conversado com Zegler sobre os impactos de suas postagens.\n<\/p>\n<p>Poucos meses depois, em novembro, a atriz voltou ao centro das aten\u00e7\u00f5es ao publicar uma mensagem agressiva contra Donald Trump e seus eleitores, ap\u00f3s a vit\u00f3ria do republicano nas elei\u00e7\u00f5es presidenciais: \u201cQue os eleitores de Trump, os apoiadores de Trump e o pr\u00f3prio Trump jamais conhe\u00e7am a paz. F\u2014 Donald Trump.\u201d Diante da repercuss\u00e3o negativa, ela apagou a publica\u00e7\u00e3o e pediu desculpas.\n<\/p>\n<p>A Disney ent\u00e3o contratou um consultor especializado em gest\u00e3o de imagem digital para revisar as redes sociais de Zegler. A medida visava evitar novos epis\u00f3dios \u00e0s v\u00e9speras do lan\u00e7amento de uma produ\u00e7\u00e3o or\u00e7ada em US$ 250 milh\u00f5es, valor que n\u00e3o inclui o investimento em marketing.\n<\/p>\n<p>A condu\u00e7\u00e3o do caso gerou cr\u00edticas internas. Um agente ouvido pela Variety afirmou que o est\u00fadio deveria ter agido desde 2022, quando Zegler j\u00e1 havia criticado a vers\u00e3o original de Branca de Neve (1937), chamando o cl\u00e1ssico da anima\u00e7\u00e3o de ultrapassado e machista.\n<\/p>\n<p>Lan\u00e7ado em mar\u00e7o, o filme teve desempenho aqu\u00e9m do esperado. Arrecadou US$ 43 milh\u00f5es nos Estados Unidos e US$ 87 milh\u00f5es mundialmente no primeiro fim de semana \u2014 valor abaixo da proje\u00e7\u00e3o inicial de at\u00e9 US$ 85 milh\u00f5es apenas no mercado americano. A recep\u00e7\u00e3o da cr\u00edtica tamb\u00e9m foi majoritariamente negativa: o longa acumula 45% de aprova\u00e7\u00e3o no site Rotten Tomatoes.\n<\/p>\n<p>Al\u00e9m das pol\u00eamicas envolvendo a atriz, analistas apontam um esgotamento do p\u00fablico com os remakes da Disney como outro fator para o fraco desempenho de Branca de Neve nas bilheteiras.<\/p>\n<p>Fonte: O antagonista              <\/p>\n<\/div>\n<p><br \/>\n<br \/><a href=\"https:\/\/diariodobrasilnoticias.com.br\/noticia\/branca-de-neve-vira-pesadelo-para-a-disney-67e3d2480c0b0\">Source link <\/a><\/p>","protected":false},"excerpt":{"rendered":"<p>A Disney instaurou uma opera\u00e7\u00e3o de gest\u00e3o de crise para conter os efeitos de declara\u00e7\u00f5es pol\u00eamicas da atriz Rachel Zegler, protagonista do live-action de Branca de Neve. Segundo revelou a&hellip;<\/p>","protected":false},"author":1,"featured_media":114009,"comment_status":"closed","ping_status":"open","sticky":false,"template":"","format":"standard","meta":{"content-type":"","footnotes":""},"categories":[16],"tags":[123,2448,5313,1267],"class_list":["post-114008","post","type-post","status-publish","format-standard","has-post-thumbnail","hentry","category-noticias","tag-brasil","tag-diario","tag-noticia","tag-noticias"],"_links":{"self":[{"href":"https:\/\/tvbrazilusa.com\/pt\/wp-json\/wp\/v2\/posts\/114008","targetHints":{"allow":["GET"]}}],"collection":[{"href":"https:\/\/tvbrazilusa.com\/pt\/wp-json\/wp\/v2\/posts"}],"about":[{"href":"https:\/\/tvbrazilusa.com\/pt\/wp-json\/wp\/v2\/types\/post"}],"author":[{"embeddable":true,"href":"https:\/\/tvbrazilusa.com\/pt\/wp-json\/wp\/v2\/users\/1"}],"replies":[{"embeddable":true,"href":"https:\/\/tvbrazilusa.com\/pt\/wp-json\/wp\/v2\/comments?post=114008"}],"version-history":[{"count":1,"href":"https:\/\/tvbrazilusa.com\/pt\/wp-json\/wp\/v2\/posts\/114008\/revisions"}],"predecessor-version":[{"id":114010,"href":"https:\/\/tvbrazilusa.com\/pt\/wp-json\/wp\/v2\/posts\/114008\/revisions\/114010"}],"wp:featuredmedia":[{"embeddable":true,"href":"https:\/\/tvbrazilusa.com\/pt\/wp-json\/wp\/v2\/media\/114009"}],"wp:attachment":[{"href":"https:\/\/tvbrazilusa.com\/pt\/wp-json\/wp\/v2\/media?parent=114008"}],"wp:term":[{"taxonomy":"category","embeddable":true,"href":"https:\/\/tvbrazilusa.com\/pt\/wp-json\/wp\/v2\/categories?post=114008"},{"taxonomy":"post_tag","embeddable":true,"href":"https:\/\/tvbrazilusa.com\/pt\/wp-json\/wp\/v2\/tags?post=114008"}],"curies":[{"name":"wp","href":"https:\/\/api.w.org\/{rel}","templated":true}]}}