{"id":114014,"date":"2025-03-26T10:48:18","date_gmt":"2025-03-26T10:48:18","guid":{"rendered":"https:\/\/tvbrazilusa.com\/2025\/03\/26\/pl-ameaca-travar-votacoes-na-camara-caso-hugo-nao-coloque-projeto-da-anistia-em-pauta\/"},"modified":"2025-03-26T10:48:23","modified_gmt":"2025-03-26T10:48:23","slug":"pl-ameaca-travar-votacoes-na-camara-caso-hugo-nao-coloque-projeto-da-anistia-em-pauta","status":"publish","type":"post","link":"https:\/\/tvbrazilusa.com\/pt\/2025\/03\/26\/pl-ameaca-travar-votacoes-na-camara-caso-hugo-nao-coloque-projeto-da-anistia-em-pauta\/","title":{"rendered":"PL amea\u00e7a travar vota\u00e7\u00f5es na C\u00e2mara caso Hugo n\u00e3o coloque projeto da anistia em pauta"},"content":{"rendered":"<p> <script async src=\"https:\/\/pagead2.googlesyndication.com\/pagead\/js\/adsbygoogle.js?client=ca-pub-8864793242727901\"\r\n     crossorigin=\"anonymous\"><\/script><br \/>\n<\/p>\n<div id=\"taboola-read-more\" style=\"display:block; width:100%\">\n<p>O PL amea\u00e7a obstruir a pauta de vota\u00e7\u00f5es da C\u00e2mara dos Deputados se o presidente da Casa, Hugo Motta (Republicanos-PB), n\u00e3o pautar nas pr\u00f3ximas semanas o projeto que busca anistiar envolvidos no 8 de janeiro de 2023, entre outras situa\u00e7\u00f5es.\n<\/p>\n<p>Como j\u00e1 havia mostrado a CNN, o l\u00edder da bancada do partido na C\u00e2mara, S\u00f3stenes Cavalcante (PL-RJ), pretende se reunir com Hugo Motta e l\u00edderes partid\u00e1rios que apoiam o projeto na ter\u00e7a-feira da semana que vem, dia 1\u00ba de abril.<\/p>\n<p>A inten\u00e7\u00e3o de S\u00f3stenes \u00e9 que a urg\u00eancia e o m\u00e9rito do texto sejam votados a partir de 8 de abril.\n<\/p>\n<p>Hugo est\u00e1 em viagem ao Jap\u00e3o ao lado do presidente da Rep\u00fablica, Luiz In\u00e1cio Lula da Silva (PT), e do presidente do Senado, Davi Alcolumbre (Uni\u00e3o-AP). Ele dever\u00e1 estar de volta a Bras\u00edlia na pr\u00f3xima semana.\n<\/p>\n<p>S\u00f3stenes alega que o PL tem o apoio do Republicanos, PP, Uni\u00e3o Brasil, PSD, Podemos, Novo e PSDB. Ainda, que est\u00e3o em tratativas com o Solidariedade e que podem ter alguns votos do MDB. Ele calcula mais de 300 votos favor\u00e1veis.\n<\/p>\n<p>Nesta semana, a oposi\u00e7\u00e3o diz estar obstruindo os trabalhos das comiss\u00f5es da C\u00e2mara em protesto ao julgamento da den\u00fancia contra o ex-presidente Jair Bolsonaro (PL) e outros sete aliados no Supremo Tribunal Federal (STF). Mas, na pr\u00e1tica, as atividades n\u00e3o chegaram a ser prejudicadas. Comiss\u00f5es comandadas pelo PL n\u00e3o foram afetadas, por exemplo.\n<\/p>\n<p>O plen\u00e1rio tamb\u00e9m deve funcionar normalmente nestes dias por estar votando apenas pautas mais consensuais e por estar sob o comando do vice-presidente da C\u00e2mara, Altineu C\u00f4rtes (PL-RJ), na aus\u00eancia de Hugo Motta.<\/p>\n<p>Fonte: CNN Brasil\n              <\/p>\n<\/div>\n<p><br \/>\n<br \/><a href=\"https:\/\/diariodobrasilnoticias.com.br\/noticia\/pl-ameaca-travar-votacoes-na-camara-caso-hugo-nao-coloque-projeto-da-anistia-em-pauta-67e3d038297ae\">Source link <\/a><\/p>","protected":false},"excerpt":{"rendered":"<p>O PL amea\u00e7a obstruir a pauta de vota\u00e7\u00f5es da C\u00e2mara dos Deputados se o presidente da Casa, Hugo Motta (Republicanos-PB), n\u00e3o pautar nas pr\u00f3ximas semanas o projeto que busca anistiar&hellip;<\/p>","protected":false},"author":1,"featured_media":114015,"comment_status":"closed","ping_status":"open","sticky":false,"template":"","format":"standard","meta":{"content-type":"","footnotes":""},"categories":[16],"tags":[123,2448,5313,1267],"class_list":["post-114014","post","type-post","status-publish","format-standard","has-post-thumbnail","hentry","category-noticias","tag-brasil","tag-diario","tag-noticia","tag-noticias"],"_links":{"self":[{"href":"https:\/\/tvbrazilusa.com\/pt\/wp-json\/wp\/v2\/posts\/114014","targetHints":{"allow":["GET"]}}],"collection":[{"href":"https:\/\/tvbrazilusa.com\/pt\/wp-json\/wp\/v2\/posts"}],"about":[{"href":"https:\/\/tvbrazilusa.com\/pt\/wp-json\/wp\/v2\/types\/post"}],"author":[{"embeddable":true,"href":"https:\/\/tvbrazilusa.com\/pt\/wp-json\/wp\/v2\/users\/1"}],"replies":[{"embeddable":true,"href":"https:\/\/tvbrazilusa.com\/pt\/wp-json\/wp\/v2\/comments?post=114014"}],"version-history":[{"count":1,"href":"https:\/\/tvbrazilusa.com\/pt\/wp-json\/wp\/v2\/posts\/114014\/revisions"}],"predecessor-version":[{"id":114016,"href":"https:\/\/tvbrazilusa.com\/pt\/wp-json\/wp\/v2\/posts\/114014\/revisions\/114016"}],"wp:featuredmedia":[{"embeddable":true,"href":"https:\/\/tvbrazilusa.com\/pt\/wp-json\/wp\/v2\/media\/114015"}],"wp:attachment":[{"href":"https:\/\/tvbrazilusa.com\/pt\/wp-json\/wp\/v2\/media?parent=114014"}],"wp:term":[{"taxonomy":"category","embeddable":true,"href":"https:\/\/tvbrazilusa.com\/pt\/wp-json\/wp\/v2\/categories?post=114014"},{"taxonomy":"post_tag","embeddable":true,"href":"https:\/\/tvbrazilusa.com\/pt\/wp-json\/wp\/v2\/tags?post=114014"}],"curies":[{"name":"wp","href":"https:\/\/api.w.org\/{rel}","templated":true}]}}