{"id":114029,"date":"2025-03-26T12:02:28","date_gmt":"2025-03-26T12:02:28","guid":{"rendered":"https:\/\/tvbrazilusa.com\/2025\/03\/26\/ceo-da-samsung-morre-aos-63-anos\/"},"modified":"2025-03-26T12:02:30","modified_gmt":"2025-03-26T12:02:30","slug":"ceo-da-samsung-morre-aos-63-anos","status":"publish","type":"post","link":"https:\/\/tvbrazilusa.com\/pt\/2025\/03\/26\/ceo-da-samsung-morre-aos-63-anos\/","title":{"rendered":"CEO da Samsung morre aos 63 anos"},"content":{"rendered":"<p> <script async src=\"https:\/\/pagead2.googlesyndication.com\/pagead\/js\/adsbygoogle.js?client=ca-pub-8864793242727901\"\r\n     crossorigin=\"anonymous\"><\/script><br \/>\n<\/p>\n<div id=\"taboola-read-more\" style=\"display:block; width:100%\">\n<p>O CEO da Samsung morreu nesta ter\u00e7a-feira (25), aos 63 anos, segundo comunicado da empresa. Han Jong-Hee, de 63 anos, havia sido internado ap\u00f3s um ataque do cora\u00e7\u00e3o e morreu no hospital na Coreia do Sul.\n<\/p>\n<p>O executivo se tornou CEO e vice-presidente da empresa em 2022. Ele era respons\u00e1vel pelos setores de eletr\u00f4nicos e celulares. Segundo a ag\u00eancia de not\u00edcias Associated Press, a companhia possui outros executivos em cargos de lideran\u00e7a, divididos por setor.<\/p>\n<p>Ainda n\u00e3o foi divulgado quem ocupar\u00e1 a cadeira ap\u00f3s sua morte.\n<\/p>\n<p><strong>Quem era o CEO da Samsung<\/strong>\n<\/p>\n<\/p>\n<p>Foto: Reprodu\u00e7\u00e3o\/Samsung.com\n<\/p>\n<p>Han come\u00e7ou a trabalhar para a Samsung em 1988 e \u00e9 considerado uma pessoa crucial na divulga\u00e7\u00e3o mundial dos aparelhos de televis\u00e3o de \u00faltima gera\u00e7\u00e3o da empresa, segundo a companhia.\n<\/p>\n<p>&#8220;Han foi fundamental no lan\u00e7amento das televis\u00f5es LED de classe mundial da Samsung. Suas numerosas inova\u00e7\u00f5es permitiram \u00e0 empresa demonstrar continuamente sua lideran\u00e7a tecnol\u00f3gica&#8221;, escreveu a empresa no texto de biografia do executivo.<br \/>A empresa atribui a Han o cr\u00e9dito por levar as televis\u00f5es Samsung &#8220;ao pin\u00e1culo do mercado mundial&#8221;.\n<\/p>\n<p>A Samsung Electronics \u00e9 a filial mais importante do Grupo Samsung, o maior dos conglomerados familiares que dominam a quarta maior economia asi\u00e1tica, de acordo com a AFP.\n<\/p>\n<p>A morte de Han pode ser um golpe na estrat\u00e9gia da Samsung de manter sua posi\u00e7\u00e3o dominante no mercado mundial de televis\u00f5es, segundo afirmou Kim Dae-jong, professor de Administra\u00e7\u00e3o de Empresas na Universidade Sejong de Seul, \u00e0 AFP.\n<\/p>\n<p>Fonte: G1              <\/p>\n<\/div>\n<p><br \/>\n<br \/><a href=\"https:\/\/diariodobrasilnoticias.com.br\/noticia\/ceo-da-samsung-morre-aos-63-anos-67e3d126ca55a\">Source link <\/a><\/p>","protected":false},"excerpt":{"rendered":"<p>O CEO da Samsung morreu nesta ter\u00e7a-feira (25), aos 63 anos, segundo comunicado da empresa. Han Jong-Hee, de 63 anos, havia sido internado ap\u00f3s um ataque do cora\u00e7\u00e3o e morreu&hellip;<\/p>","protected":false},"author":1,"featured_media":114030,"comment_status":"closed","ping_status":"open","sticky":false,"template":"","format":"standard","meta":{"content-type":"","footnotes":""},"categories":[16],"tags":[123,2448,5313,1267],"class_list":["post-114029","post","type-post","status-publish","format-standard","has-post-thumbnail","hentry","category-noticias","tag-brasil","tag-diario","tag-noticia","tag-noticias"],"_links":{"self":[{"href":"https:\/\/tvbrazilusa.com\/pt\/wp-json\/wp\/v2\/posts\/114029","targetHints":{"allow":["GET"]}}],"collection":[{"href":"https:\/\/tvbrazilusa.com\/pt\/wp-json\/wp\/v2\/posts"}],"about":[{"href":"https:\/\/tvbrazilusa.com\/pt\/wp-json\/wp\/v2\/types\/post"}],"author":[{"embeddable":true,"href":"https:\/\/tvbrazilusa.com\/pt\/wp-json\/wp\/v2\/users\/1"}],"replies":[{"embeddable":true,"href":"https:\/\/tvbrazilusa.com\/pt\/wp-json\/wp\/v2\/comments?post=114029"}],"version-history":[{"count":1,"href":"https:\/\/tvbrazilusa.com\/pt\/wp-json\/wp\/v2\/posts\/114029\/revisions"}],"predecessor-version":[{"id":114031,"href":"https:\/\/tvbrazilusa.com\/pt\/wp-json\/wp\/v2\/posts\/114029\/revisions\/114031"}],"wp:featuredmedia":[{"embeddable":true,"href":"https:\/\/tvbrazilusa.com\/pt\/wp-json\/wp\/v2\/media\/114030"}],"wp:attachment":[{"href":"https:\/\/tvbrazilusa.com\/pt\/wp-json\/wp\/v2\/media?parent=114029"}],"wp:term":[{"taxonomy":"category","embeddable":true,"href":"https:\/\/tvbrazilusa.com\/pt\/wp-json\/wp\/v2\/categories?post=114029"},{"taxonomy":"post_tag","embeddable":true,"href":"https:\/\/tvbrazilusa.com\/pt\/wp-json\/wp\/v2\/tags?post=114029"}],"curies":[{"name":"wp","href":"https:\/\/api.w.org\/{rel}","templated":true}]}}