{"id":114032,"date":"2025-03-26T12:18:21","date_gmt":"2025-03-26T12:18:21","guid":{"rendered":"https:\/\/tvbrazilusa.com\/2025\/03\/26\/o-que-ministros-do-stf-opinam-sobre-a-presenca-de-bolsonaro-no-julgamento\/"},"modified":"2025-03-26T12:18:23","modified_gmt":"2025-03-26T12:18:23","slug":"o-que-ministros-do-stf-opinam-sobre-a-presenca-de-bolsonaro-no-julgamento","status":"publish","type":"post","link":"https:\/\/tvbrazilusa.com\/pt\/2025\/03\/26\/o-que-ministros-do-stf-opinam-sobre-a-presenca-de-bolsonaro-no-julgamento\/","title":{"rendered":"O que ministros do STF opinam sobre a presen\u00e7a de Bolsonaro no julgamento"},"content":{"rendered":"<p> <script async src=\"https:\/\/pagead2.googlesyndication.com\/pagead\/js\/adsbygoogle.js?client=ca-pub-8864793242727901\"\r\n     crossorigin=\"anonymous\"><\/script><br \/>\n<\/p>\n<div>\n<figure class=\"post-image\">\n<\/figure>\n<p>            <span style=\"font-size: 12px\">Antonio Augusto\/STF<\/span><\/p>\n<p>            <!-- end metas --><br \/>\n            <!-- ADS --><\/p>\n<div id=\"taboola-read-more\" style=\"display:block; width:100%\">\n<p>Ministros do STF avaliam que Jair Bolsonaro compareceu pessoalmente ao julgamento da den\u00fancia contra o ex-presidente, na manh\u00e3 da ter\u00e7a-feira (25\/2), para passar uma sinaliza\u00e7\u00e3o a seus apoiadores e ao pr\u00f3prio Supremo.<\/p>\n<p>Para ministros do STF ouvidos pela coluna sob reserva, Bolsonaro decidiu acompanhar a sess\u00e3o da Primeira Turma in loco para tentar de demonstrar que \u201cn\u00e3o \u00e9 covarde\u201d e que n\u00e3o pretende fugir, se condenado pela Corte.<\/p>\n<p>Integrantes do STF avaliam ainda que, ao comparecer ao julgamento em plen\u00e1rio, ex-presidente tamb\u00e9m tentou criar um \u201cambiente de intimida\u00e7\u00e3o\u201d com os ministros da Corte, o que, para os magistrados, o ex-presidente n\u00e3o teria conseguido.<\/p>\n<p>O ex-presidente vinha mantendo sigilo sobre onde acompanharia a sess\u00e3o e s\u00f3 avisou aliados minutos antes de chegar \u00e0 Corte.<\/p>\n<p>Fonte: Metr\u00f3poles<\/p>\n<\/p><\/div>\n<p>                        <!-- Scripts para conteudo --><\/p>\n<p>            <!-- .\/Scripts para conteudo --><br \/>\n            <!-- .\/Mat\u00e9ria --><\/p>\n<div class=\"row mt-3\">\n<div class=\"col-sm-6\">\n                <!-- Whatsapp channel 3--><br \/>\n                <a href=\"https:\/\/chat.whatsapp.com\/B8Qy6Erx4kb6yTzj3kaDco\" target=\"_blank\"><br \/>\n                  <img decoding=\"async\" src=\"https:\/\/diariodobrasilnoticias.com.br\/assets-site\/images\/bot_whatsapp.png\"\/><\/a>\n              <\/div>\n<div class=\"col-sm-6\">\n                <a href=\"https:\/\/t.me\/+_4gTmi5LKo03OTM5\" target=\"_blank\"><br \/>\n                  <img decoding=\"async\" src=\"https:\/\/diariodobrasilnoticias.com.br\/assets-site\/images\/bot_telegram.png\"\/><\/a>\n              <\/div>\n<\/p><\/div>\n<p>            <!-- end post-navigation --><\/p>\n<p>              <!-- end row --><\/p>\n<p>              <!-- end col-12-->\n                      <\/div>\n<p><br \/>\n<br \/><a href=\"https:\/\/diariodobrasilnoticias.com.br\/noticia\/o-que-ministros-do-stf-opinam-sobre-a-presenca-de-bolsonaro-no-julgamento-67e3ec2825bba\">Source link <\/a><\/p>","protected":false},"excerpt":{"rendered":"<p>Antonio Augusto\/STF Ministros do STF avaliam que Jair Bolsonaro compareceu pessoalmente ao julgamento da den\u00fancia contra o ex-presidente, na manh\u00e3 da ter\u00e7a-feira (25\/2), para passar uma sinaliza\u00e7\u00e3o a seus apoiadores&hellip;<\/p>","protected":false},"author":1,"featured_media":114033,"comment_status":"closed","ping_status":"open","sticky":false,"template":"","format":"standard","meta":{"content-type":"","footnotes":""},"categories":[16],"tags":[123,2448,5313,1267],"class_list":["post-114032","post","type-post","status-publish","format-standard","has-post-thumbnail","hentry","category-noticias","tag-brasil","tag-diario","tag-noticia","tag-noticias"],"_links":{"self":[{"href":"https:\/\/tvbrazilusa.com\/pt\/wp-json\/wp\/v2\/posts\/114032","targetHints":{"allow":["GET"]}}],"collection":[{"href":"https:\/\/tvbrazilusa.com\/pt\/wp-json\/wp\/v2\/posts"}],"about":[{"href":"https:\/\/tvbrazilusa.com\/pt\/wp-json\/wp\/v2\/types\/post"}],"author":[{"embeddable":true,"href":"https:\/\/tvbrazilusa.com\/pt\/wp-json\/wp\/v2\/users\/1"}],"replies":[{"embeddable":true,"href":"https:\/\/tvbrazilusa.com\/pt\/wp-json\/wp\/v2\/comments?post=114032"}],"version-history":[{"count":1,"href":"https:\/\/tvbrazilusa.com\/pt\/wp-json\/wp\/v2\/posts\/114032\/revisions"}],"predecessor-version":[{"id":114034,"href":"https:\/\/tvbrazilusa.com\/pt\/wp-json\/wp\/v2\/posts\/114032\/revisions\/114034"}],"wp:featuredmedia":[{"embeddable":true,"href":"https:\/\/tvbrazilusa.com\/pt\/wp-json\/wp\/v2\/media\/114033"}],"wp:attachment":[{"href":"https:\/\/tvbrazilusa.com\/pt\/wp-json\/wp\/v2\/media?parent=114032"}],"wp:term":[{"taxonomy":"category","embeddable":true,"href":"https:\/\/tvbrazilusa.com\/pt\/wp-json\/wp\/v2\/categories?post=114032"},{"taxonomy":"post_tag","embeddable":true,"href":"https:\/\/tvbrazilusa.com\/pt\/wp-json\/wp\/v2\/tags?post=114032"}],"curies":[{"name":"wp","href":"https:\/\/api.w.org\/{rel}","templated":true}]}}