{"id":114038,"date":"2025-03-26T12:45:30","date_gmt":"2025-03-26T12:45:30","guid":{"rendered":"https:\/\/tvbrazilusa.com\/2025\/03\/26\/tre-sp-decide-manter-a-cassacao-do-mandato-de-carla-zambelli\/"},"modified":"2025-03-26T12:45:32","modified_gmt":"2025-03-26T12:45:32","slug":"tre-sp-decide-manter-a-cassacao-do-mandato-de-carla-zambelli","status":"publish","type":"post","link":"https:\/\/tvbrazilusa.com\/pt\/2025\/03\/26\/tre-sp-decide-manter-a-cassacao-do-mandato-de-carla-zambelli\/","title":{"rendered":"TRE-SP decide manter a cassa\u00e7\u00e3o do mandato de Carla Zambelli"},"content":{"rendered":"<p> <script async src=\"https:\/\/pagead2.googlesyndication.com\/pagead\/js\/adsbygoogle.js?client=ca-pub-8864793242727901\"\r\n     crossorigin=\"anonymous\"><\/script><br \/>\n<\/p>\n<div id=\"taboola-read-more\" style=\"display:block; width:100%\">\n<p>Em sess\u00e3o nesta ter\u00e7a-feira, 25, o Tribunal Regional Eleitoral de S\u00e3o Paulo (TRE-SP), por unanimidade, rejeitou os embargos de declara\u00e7\u00e3o de Carla Zambelli (PL) e manteve a cassa\u00e7\u00e3o do diploma de deputada federal. A determina\u00e7\u00e3o, conforme os magistrados, se deve principalmente ao uso indevido dos meios de comunica\u00e7\u00e3o e \u00e0 pr\u00e1tica de abuso de poder pol\u00edtico.\n<\/p>\n<p>A decis\u00e3o, proferida em A\u00e7\u00e3o de Investiga\u00e7\u00e3o Judicial Eleitoral (Aije), sustentou do mesmo modo a ordem de inelegibilidade por oito anos a partir do pleito de 2022. Em seu voto, o relator, desembargador Encinas Manfr\u00e9, n\u00e3o acolheu nenhuma das teses que a defesa alegou em favor da parlamentar.<\/p>\n<p>Zambelli: \u201cgraves condutas\u201d, diz magistrado<br \/>Conforme o juiz, a decis\u00e3o anterior da Corte analisou \u201cas graves condutas da representada, com demonstra\u00e7\u00e3o da elevada repercuss\u00e3o, da difus\u00e3o de informa\u00e7\u00f5es falsas e descontextualizadas, aptas assim a configurar abuso dos meios de comunica\u00e7\u00e3o\u201d.\n<\/p>\n<p>O magistrado tamb\u00e9m negou a habilita\u00e7\u00e3o como \u2018terceiros interessados\u2019 da Federa\u00e7\u00e3o Psol-Rede e de Luciene Cavalcante da Silva, deputada suplente, por falta de interesse jur\u00eddico. A a\u00e7\u00e3o foi proposta pela deputada federal S\u00e2mia Bomfim (Psol), com alega\u00e7\u00e3o de que Zambelli divulgou informa\u00e7\u00f5es inver\u00eddicas sobre o processo eleitoral de 2022.\n<\/p>\n<p>Em janeiro deste ano, o Tribunal decidiu primeiramente pela cassa\u00e7\u00e3o do mandato, por maioria de votos (5\u00d72). O relator do processo, com voto vencedor, citou publica\u00e7\u00f5es da parlamentar. Segundo ele, Zambelli provocou descr\u00e9dito do sistema eleitoral e dissemina\u00e7\u00e3o de fatos inver\u00eddicos. Para o magistrado, as publica\u00e7\u00f5es teriam configurado, dessa forma, \u201cabuso da liberdade de express\u00e3o e ato de evidente m\u00e1-f\u00e9\u201d.\n<\/p>\n<p>\u00a0<\/p>\n<\/p><\/div>\n<p><br \/>\n<br \/><a href=\"https:\/\/diariodobrasilnoticias.com.br\/noticia\/tre-sp-decide-manter-a-cassacao-do-mandato-de-carla-zambelli-67e3ecd51cffc\">Source link <\/a><\/p>","protected":false},"excerpt":{"rendered":"<p>Em sess\u00e3o nesta ter\u00e7a-feira, 25, o Tribunal Regional Eleitoral de S\u00e3o Paulo (TRE-SP), por unanimidade, rejeitou os embargos de declara\u00e7\u00e3o de Carla Zambelli (PL) e manteve a cassa\u00e7\u00e3o do diploma&hellip;<\/p>","protected":false},"author":1,"featured_media":114039,"comment_status":"closed","ping_status":"open","sticky":false,"template":"","format":"standard","meta":{"content-type":"","footnotes":""},"categories":[16],"tags":[123,2448,5313,1267],"class_list":["post-114038","post","type-post","status-publish","format-standard","has-post-thumbnail","hentry","category-noticias","tag-brasil","tag-diario","tag-noticia","tag-noticias"],"_links":{"self":[{"href":"https:\/\/tvbrazilusa.com\/pt\/wp-json\/wp\/v2\/posts\/114038","targetHints":{"allow":["GET"]}}],"collection":[{"href":"https:\/\/tvbrazilusa.com\/pt\/wp-json\/wp\/v2\/posts"}],"about":[{"href":"https:\/\/tvbrazilusa.com\/pt\/wp-json\/wp\/v2\/types\/post"}],"author":[{"embeddable":true,"href":"https:\/\/tvbrazilusa.com\/pt\/wp-json\/wp\/v2\/users\/1"}],"replies":[{"embeddable":true,"href":"https:\/\/tvbrazilusa.com\/pt\/wp-json\/wp\/v2\/comments?post=114038"}],"version-history":[{"count":1,"href":"https:\/\/tvbrazilusa.com\/pt\/wp-json\/wp\/v2\/posts\/114038\/revisions"}],"predecessor-version":[{"id":114040,"href":"https:\/\/tvbrazilusa.com\/pt\/wp-json\/wp\/v2\/posts\/114038\/revisions\/114040"}],"wp:featuredmedia":[{"embeddable":true,"href":"https:\/\/tvbrazilusa.com\/pt\/wp-json\/wp\/v2\/media\/114039"}],"wp:attachment":[{"href":"https:\/\/tvbrazilusa.com\/pt\/wp-json\/wp\/v2\/media?parent=114038"}],"wp:term":[{"taxonomy":"category","embeddable":true,"href":"https:\/\/tvbrazilusa.com\/pt\/wp-json\/wp\/v2\/categories?post=114038"},{"taxonomy":"post_tag","embeddable":true,"href":"https:\/\/tvbrazilusa.com\/pt\/wp-json\/wp\/v2\/tags?post=114038"}],"curies":[{"name":"wp","href":"https:\/\/api.w.org\/{rel}","templated":true}]}}