{"id":114041,"date":"2025-03-26T12:59:43","date_gmt":"2025-03-26T12:59:43","guid":{"rendered":"https:\/\/tvbrazilusa.com\/2025\/03\/26\/xuxa-ataca-bolsonaro-e-diz-ter-vontade-de-pegar-e-dar-um-soco-veja-video\/"},"modified":"2025-03-26T12:59:44","modified_gmt":"2025-03-26T12:59:44","slug":"xuxa-ataca-bolsonaro-e-diz-ter-vontade-de-pegar-e-dar-um-soco-veja-video","status":"publish","type":"post","link":"https:\/\/tvbrazilusa.com\/pt\/2025\/03\/26\/xuxa-ataca-bolsonaro-e-diz-ter-vontade-de-pegar-e-dar-um-soco-veja-video\/","title":{"rendered":"Xuxa ataca Bolsonaro e diz ter Vontade de pegar e dar um soco; VEJA V\u00cdDEO"},"content":{"rendered":"<p> <script async src=\"https:\/\/pagead2.googlesyndication.com\/pagead\/js\/adsbygoogle.js?client=ca-pub-8864793242727901\"\r\n     crossorigin=\"anonymous\"><\/script><br \/>\n<\/p>\n<div id=\"taboola-read-more\" style=\"display:block; width:100%\">\n<p>A cantora e apresentadora Xuxa Meneghel expressou, entredentes, ter vontade de desferir um \u201csoco\u201d no ex-presidente Jair Bolsonaro (PL), durante entrevista a Patr\u00edcia Abravanel, no\u00a0<em>Programa Silvio Santos<\/em>\u00a0deste domingo (23).\n<\/p>\n<p>Na ocasi\u00e3o, Xuxa criticava o uso do termo \u201cpintar um clima\u201d por parte do ent\u00e3o chefe do Executivo ao comentar sobre meninas venezuelanas. O l\u00edder conservador j\u00e1 explicou em outras ocasi\u00f5es que utiliza o termo de maneira corriqueira, sem qualquer conota\u00e7\u00e3o indevida.<\/p>\n<p>\u2013 Tem algumas coisas que n\u00e3o me descem. N\u00e3o me cai bem. Todo mundo sabe que eu n\u00e3o gosto de falar de pol\u00edtica, n\u00e3o sou de nenhum partido, nenhum lado. Mas quando eu vejo algu\u00e9m falando, tipo, olha para uma crian\u00e7a de 13 anos e diz \u201cpintou um clima\u201d, \u201cn\u00e3o sei o qu\u00ea\u201d, aiiiii! D\u00e1 vontade de pegar e dar um soco \u2013 disparou a artista, sem citar diretamente o nome de Bolsonaro.\n<\/p>\n<p>Homenageada no\u00a0<em>Especial Sala do Artista<\/em>, Xuxa entrou no assunto da pol\u00edtica ao falar que n\u00e3o tem a pretens\u00e3o de \u201cembarcar nessa onda de cantores e apresentadores querendo ser presidente\u201d.\n<\/p>\n<p>\u2013 Eu ia querer continuar fazendo a pol\u00edtica da crian\u00e7a sem precisar entrar em pol\u00edtica, que \u00e9 uma coisa que eu fa\u00e7o e gosto de fazer. Mas ia continuar brigando, brigar mais, pelos direitos da crian\u00e7a, sabe?\n<\/p>\n<p>A fala a que Xuxa se referiu ao mencionar Bolsonaro ocorreu em outubro de 2022, quando ele narrava ter conhecido meninas venezuelanas de 14 e 15 anos em S\u00e3o Sebasti\u00e3o, no Distrito Federal.\n<\/p>\n<p>\u2013 Eu parei a moto em uma esquina, tirei o capacete e olhei umas menininhas, tr\u00eas, quatro, bonitas, de 14, 15 anos, arrumadinhas em um s\u00e1bado, numa comunidade. E vi que eram meio parecidas. Pintou um clima, voltei. \u201cPosso entrar na sua casa?\u201d. Entrei. Tinham umas 15, 20 meninas, s\u00e1bado de manh\u00e3, se arrumando. Todas venezuelanas. E eu pergunto: meninas bonitinhas de 14, 15 anos se arrumando no s\u00e1bado para qu\u00ea? Ganhar a vida \u2013 comentou o ent\u00e3o chefe do Executivo.\n<\/p>\n<p>Ap\u00f3s a fala repercutir, Bolsonaro explicou que utiliza o termo \u201cpintar o clima\u201d diariamente para qualquer tipo de situa\u00e7\u00e3o, e que entrou na casa das mo\u00e7as rodeado por jornalistas e seguran\u00e7as.\n<\/p>\n<p>Em novembro do \u00faltimo ano, a 1\u00aa Vara da Inf\u00e2ncia e da Juventude do Distrito Federal negou o pedido do Minist\u00e9rio P\u00fablico do Distrito Federal e Territ\u00f3rios (MPDFT) para que o ex-presidente pagasse uma indeniza\u00e7\u00e3o de R$ 30 milh\u00f5es, ap\u00f3s o MPDFT o acusar de supostas viola\u00e7\u00f5es aos direitos de crian\u00e7as e adolescentes.\n<\/p>\n<p>O juiz Evandro Neiva de Amorim considerou que n\u00e3o houve elementos suficientes para caracterizar incita\u00e7\u00e3o \u00e0 discrimina\u00e7\u00e3o ou conota\u00e7\u00e3o sexual, e que a a\u00e7\u00e3o carecia de provas suficientes para uma condena\u00e7\u00e3o.\n<\/p>\n<p>\u2013 As declara\u00e7\u00f5es, por si s\u00f3, n\u00e3o configuram viola\u00e7\u00e3o de direitos fundamentais ou danos morais coletivos. Al\u00e9m disso, n\u00e3o foram apresentados elementos suficientes que demonstrem que essas falas causaram um impacto generalizado na sociedade ou comprometeram a dignidade das mencionadas adolescentes migrantes \u2013 pontuou Amorim.\n<\/p>\n<p>Fonte: Pleno News              <\/p>\n<\/div>\n<p><br \/>\n<br \/><a href=\"https:\/\/diariodobrasilnoticias.com.br\/noticia\/xuxa-ataca-bolsonaro-e-diz-ter-vontade-de-pegar-e-dar-um-soco-veja-video-67e3e796450e7\">Source link <\/a><\/p>","protected":false},"excerpt":{"rendered":"<p>A cantora e apresentadora Xuxa Meneghel expressou, entredentes, ter vontade de desferir um \u201csoco\u201d no ex-presidente Jair Bolsonaro (PL), durante entrevista a Patr\u00edcia Abravanel, no\u00a0Programa Silvio Santos\u00a0deste domingo (23). Na&hellip;<\/p>","protected":false},"author":1,"featured_media":114042,"comment_status":"closed","ping_status":"open","sticky":false,"template":"","format":"standard","meta":{"content-type":"","footnotes":""},"categories":[16],"tags":[123,2448,5313,1267],"class_list":["post-114041","post","type-post","status-publish","format-standard","has-post-thumbnail","hentry","category-noticias","tag-brasil","tag-diario","tag-noticia","tag-noticias"],"_links":{"self":[{"href":"https:\/\/tvbrazilusa.com\/pt\/wp-json\/wp\/v2\/posts\/114041","targetHints":{"allow":["GET"]}}],"collection":[{"href":"https:\/\/tvbrazilusa.com\/pt\/wp-json\/wp\/v2\/posts"}],"about":[{"href":"https:\/\/tvbrazilusa.com\/pt\/wp-json\/wp\/v2\/types\/post"}],"author":[{"embeddable":true,"href":"https:\/\/tvbrazilusa.com\/pt\/wp-json\/wp\/v2\/users\/1"}],"replies":[{"embeddable":true,"href":"https:\/\/tvbrazilusa.com\/pt\/wp-json\/wp\/v2\/comments?post=114041"}],"version-history":[{"count":1,"href":"https:\/\/tvbrazilusa.com\/pt\/wp-json\/wp\/v2\/posts\/114041\/revisions"}],"predecessor-version":[{"id":114043,"href":"https:\/\/tvbrazilusa.com\/pt\/wp-json\/wp\/v2\/posts\/114041\/revisions\/114043"}],"wp:featuredmedia":[{"embeddable":true,"href":"https:\/\/tvbrazilusa.com\/pt\/wp-json\/wp\/v2\/media\/114042"}],"wp:attachment":[{"href":"https:\/\/tvbrazilusa.com\/pt\/wp-json\/wp\/v2\/media?parent=114041"}],"wp:term":[{"taxonomy":"category","embeddable":true,"href":"https:\/\/tvbrazilusa.com\/pt\/wp-json\/wp\/v2\/categories?post=114041"},{"taxonomy":"post_tag","embeddable":true,"href":"https:\/\/tvbrazilusa.com\/pt\/wp-json\/wp\/v2\/tags?post=114041"}],"curies":[{"name":"wp","href":"https:\/\/api.w.org\/{rel}","templated":true}]}}