{"id":114056,"date":"2025-03-26T13:55:38","date_gmt":"2025-03-26T13:55:38","guid":{"rendered":"https:\/\/tvbrazilusa.com\/2025\/03\/26\/deputados-aliados-de-bolsonaro-nao-conseguiram-entrar-no-stf\/"},"modified":"2025-03-26T13:55:40","modified_gmt":"2025-03-26T13:55:40","slug":"deputados-aliados-de-bolsonaro-nao-conseguiram-entrar-no-stf","status":"publish","type":"post","link":"https:\/\/tvbrazilusa.com\/pt\/2025\/03\/26\/deputados-aliados-de-bolsonaro-nao-conseguiram-entrar-no-stf\/","title":{"rendered":"Deputados aliados de Bolsonaro n\u00e3o conseguiram entrar no STF"},"content":{"rendered":"<p> <script async src=\"https:\/\/pagead2.googlesyndication.com\/pagead\/js\/adsbygoogle.js?client=ca-pub-8864793242727901\"\r\n     crossorigin=\"anonymous\"><\/script><br \/>\n<\/p>\n<div>\n<figure class=\"post-image\">\n<\/figure>\n<p>            <span style=\"font-size: 12px\">Reprodu\u00e7\u00e3o\/Instagram<\/span><\/p>\n<p>            <!-- end metas --><br \/>\n            <!-- ADS --><\/p>\n<div id=\"taboola-read-more\" style=\"display:block; width:100%\">\n<p>Deputados federais aliados a Jair Bolsonaro (PL) n\u00e3o conseguiram participar do julgamento do ex-presidente que come\u00e7ou na manh\u00e3 desta ter\u00e7a-feira no Supremo Tribunal Federal (STF), pois foram impedidos de entrar.<\/p>\n<p>Por causa da superlota\u00e7\u00e3o, algumas pessoas, entre jornalistas e parlamentares, precisaram ser direcionados ao 4\u00ba andar do pr\u00e9dio, onde puderam acompanhar a sess\u00e3o por meio de um tel\u00e3o.\n<\/p>\n<p>Entre eles estava o deputado federal Carlos Jordy (PL-RJ) que reclamou da quantidade de pessoas que estavam no plen\u00e1rio \u201cpara fazer teatro\u201d, impedindo que eles, que s\u00e3o base de apoio do l\u00edder da direita, pudessem estar perto.<\/p>\n<p>\u2013 \u00c9 um local muito restrito. Deveria ser julgado no plen\u00e1rio. Veio uma comitiva de pessoas fazer encena\u00e7\u00e3o, teatro, e n\u00f3s que somos deputados n\u00e3o conseguimos entrar \u2013 disse Jordy.\n<\/p>\n<p>Jordy, Sargento Fahur (PSD-PR) e Coronel Meira (PL-PE) n\u00e3o conseguiram entrar. J\u00e1 outros deputados como Luciano Zucco (PL-RS), Z\u00e9 Trov\u00e3o (PL-SC), Paulo Bilynskyj (PL-SP) e M\u00e1rio Frias (PL-SP) conseguiram lugar no recinto.<\/p>\n<p>Fonte: Pleno News              <\/p>\n<\/div>\n<p>                        <!-- Scripts para conteudo --><\/p>\n<p>            <!-- .\/Scripts para conteudo --><br \/>\n            <!-- .\/Mat\u00e9ria --><\/p>\n<div class=\"row mt-3\">\n<div class=\"col-sm-6\">\n                <!-- Whatsapp channel 3--><br \/>\n                <a href=\"https:\/\/chat.whatsapp.com\/B8Qy6Erx4kb6yTzj3kaDco\" target=\"_blank\"><br \/>\n                  <img decoding=\"async\" src=\"https:\/\/diariodobrasilnoticias.com.br\/assets-site\/images\/bot_whatsapp.png\"\/><\/a>\n              <\/div>\n<div class=\"col-sm-6\">\n                <a href=\"https:\/\/t.me\/+_4gTmi5LKo03OTM5\" target=\"_blank\"><br \/>\n                  <img decoding=\"async\" src=\"https:\/\/diariodobrasilnoticias.com.br\/assets-site\/images\/bot_telegram.png\"\/><\/a>\n              <\/div>\n<\/p><\/div>\n<p>            <!-- end post-navigation --><\/p>\n<p>              <!-- end row --><\/p>\n<p>              <!-- end col-12-->\n                      <\/div>\n<p><br \/>\n<br \/><a href=\"https:\/\/diariodobrasilnoticias.com.br\/noticia\/deputados-aliados-de-bolsonaro-nao-conseguiram-entrar-no-stf-67e3e8e988e7c\">Source link <\/a><\/p>","protected":false},"excerpt":{"rendered":"<p>Reprodu\u00e7\u00e3o\/Instagram Deputados federais aliados a Jair Bolsonaro (PL) n\u00e3o conseguiram participar do julgamento do ex-presidente que come\u00e7ou na manh\u00e3 desta ter\u00e7a-feira no Supremo Tribunal Federal (STF), pois foram impedidos de&hellip;<\/p>","protected":false},"author":1,"featured_media":114057,"comment_status":"closed","ping_status":"open","sticky":false,"template":"","format":"standard","meta":{"content-type":"","footnotes":""},"categories":[16],"tags":[123,2448,5313,1267],"class_list":["post-114056","post","type-post","status-publish","format-standard","has-post-thumbnail","hentry","category-noticias","tag-brasil","tag-diario","tag-noticia","tag-noticias"],"_links":{"self":[{"href":"https:\/\/tvbrazilusa.com\/pt\/wp-json\/wp\/v2\/posts\/114056","targetHints":{"allow":["GET"]}}],"collection":[{"href":"https:\/\/tvbrazilusa.com\/pt\/wp-json\/wp\/v2\/posts"}],"about":[{"href":"https:\/\/tvbrazilusa.com\/pt\/wp-json\/wp\/v2\/types\/post"}],"author":[{"embeddable":true,"href":"https:\/\/tvbrazilusa.com\/pt\/wp-json\/wp\/v2\/users\/1"}],"replies":[{"embeddable":true,"href":"https:\/\/tvbrazilusa.com\/pt\/wp-json\/wp\/v2\/comments?post=114056"}],"version-history":[{"count":1,"href":"https:\/\/tvbrazilusa.com\/pt\/wp-json\/wp\/v2\/posts\/114056\/revisions"}],"predecessor-version":[{"id":114058,"href":"https:\/\/tvbrazilusa.com\/pt\/wp-json\/wp\/v2\/posts\/114056\/revisions\/114058"}],"wp:featuredmedia":[{"embeddable":true,"href":"https:\/\/tvbrazilusa.com\/pt\/wp-json\/wp\/v2\/media\/114057"}],"wp:attachment":[{"href":"https:\/\/tvbrazilusa.com\/pt\/wp-json\/wp\/v2\/media?parent=114056"}],"wp:term":[{"taxonomy":"category","embeddable":true,"href":"https:\/\/tvbrazilusa.com\/pt\/wp-json\/wp\/v2\/categories?post=114056"},{"taxonomy":"post_tag","embeddable":true,"href":"https:\/\/tvbrazilusa.com\/pt\/wp-json\/wp\/v2\/tags?post=114056"}],"curies":[{"name":"wp","href":"https:\/\/api.w.org\/{rel}","templated":true}]}}