{"id":114059,"date":"2025-03-26T14:11:08","date_gmt":"2025-03-26T14:11:08","guid":{"rendered":"https:\/\/tvbrazilusa.com\/2025\/03\/26\/ladrao-furta-cabos-e-deixa-hospital-sem-energia-veja-video\/"},"modified":"2025-03-26T14:11:10","modified_gmt":"2025-03-26T14:11:10","slug":"ladrao-furta-cabos-e-deixa-hospital-sem-energia-veja-video","status":"publish","type":"post","link":"https:\/\/tvbrazilusa.com\/pt\/2025\/03\/26\/ladrao-furta-cabos-e-deixa-hospital-sem-energia-veja-video\/","title":{"rendered":"Ladr\u00e3o furta cabos e deixa hospital sem energia; VEJA V\u00cdDEO"},"content":{"rendered":"<p> <script async src=\"https:\/\/pagead2.googlesyndication.com\/pagead\/js\/adsbygoogle.js?client=ca-pub-8864793242727901\"\r\n     crossorigin=\"anonymous\"><\/script><br \/>\n<\/p>\n<div>\n<figure class=\"post-image\">\n<\/figure>\n<p>            <span style=\"font-size: 12px\">Reprodu\u00e7\u00e3o<\/span><\/p>\n<p>            <!-- end metas --><br \/>\n            <!-- ADS --><\/p>\n<div id=\"taboola-read-more\" style=\"display:block; width:100%\">\n<p>Um apag\u00e3o no Hospital Regional do Parano\u00e1, na quarta-feira (19\/3), pode ter rela\u00e7\u00e3o com um fvrto de cabos na cidade. O Metr\u00f3poles teve acesso a um v\u00eddeo em que um homem ainda n\u00e3o identificado foi flagrado fvrtando fios de um poste pr\u00f3ximo \u00e0 Quadra 21.<\/p>\n<p>Nas imagens, o ladr\u00e3o se apoia em uma caixa de transformador e, com um alicate, come\u00e7a a cortar fios. Em algums momentos, ele chega a olhar para tr\u00e1s, aparentando se certificar de que n\u00e3o estava sendo visto por algu\u00e9m.<\/p>\n<p>O crime ocorreu momentos antes da unidade de sa\u00fade ficar sem luz por alguns minutos.<\/p>\n<p>A falha de energia ocasionou piora no estado cl\u00ednico de alguns pacientes, incluindo beb\u00eas, que estavam internados no local. A Secret\u00e1ria de Sa\u00fade do Distrito Federal confirmou as quedas de energia e a necessidade de uma reinicia\u00e7\u00e3o manual do gerador.<\/p>\n<p>Na mesma semana das den\u00fancias apresentadas, ocorreu um apag\u00e3o ocasionado por fvrto de cabos que deixou quadras da Asa Norte sem energia por horas, exigindo refor\u00e7o de seguran\u00e7a por parte da Pol\u00edcia Militar (PM-DF).\n<\/p>\n<p>Fonte: Metr\u00f3poles              <\/p>\n<\/div>\n<p>                        <!-- Scripts para conteudo --><\/p>\n<p>            <!-- .\/Scripts para conteudo --><br \/>\n            <!-- .\/Mat\u00e9ria --><\/p>\n<div class=\"row mt-3\">\n<div class=\"col-sm-6\">\n                <!-- Whatsapp channel 3--><br \/>\n                <a href=\"https:\/\/chat.whatsapp.com\/B8Qy6Erx4kb6yTzj3kaDco\" target=\"_blank\"><br \/>\n                  <img decoding=\"async\" src=\"https:\/\/diariodobrasilnoticias.com.br\/assets-site\/images\/bot_whatsapp.png\"\/><\/a>\n              <\/div>\n<div class=\"col-sm-6\">\n                <a href=\"https:\/\/t.me\/+_4gTmi5LKo03OTM5\" target=\"_blank\"><br \/>\n                  <img decoding=\"async\" src=\"https:\/\/diariodobrasilnoticias.com.br\/assets-site\/images\/bot_telegram.png\"\/><\/a>\n              <\/div>\n<\/p><\/div>\n<p>            <!-- end post-navigation --><\/p>\n<p>              <!-- end row --><\/p>\n<p>              <!-- end col-12-->\n                      <\/div>\n<p><br \/>\n<br \/><a href=\"https:\/\/diariodobrasilnoticias.com.br\/noticia\/ladrao-furta-cabos-e-deixa-hospital-sem-energia-veja-video-67e3ea799a3d0\">Source link <\/a><\/p>","protected":false},"excerpt":{"rendered":"<p>Reprodu\u00e7\u00e3o Um apag\u00e3o no Hospital Regional do Parano\u00e1, na quarta-feira (19\/3), pode ter rela\u00e7\u00e3o com um fvrto de cabos na cidade. O Metr\u00f3poles teve acesso a um v\u00eddeo em que&hellip;<\/p>","protected":false},"author":1,"featured_media":114060,"comment_status":"closed","ping_status":"open","sticky":false,"template":"","format":"standard","meta":{"content-type":"","footnotes":""},"categories":[16],"tags":[123,2448,5313,1267],"class_list":["post-114059","post","type-post","status-publish","format-standard","has-post-thumbnail","hentry","category-noticias","tag-brasil","tag-diario","tag-noticia","tag-noticias"],"_links":{"self":[{"href":"https:\/\/tvbrazilusa.com\/pt\/wp-json\/wp\/v2\/posts\/114059","targetHints":{"allow":["GET"]}}],"collection":[{"href":"https:\/\/tvbrazilusa.com\/pt\/wp-json\/wp\/v2\/posts"}],"about":[{"href":"https:\/\/tvbrazilusa.com\/pt\/wp-json\/wp\/v2\/types\/post"}],"author":[{"embeddable":true,"href":"https:\/\/tvbrazilusa.com\/pt\/wp-json\/wp\/v2\/users\/1"}],"replies":[{"embeddable":true,"href":"https:\/\/tvbrazilusa.com\/pt\/wp-json\/wp\/v2\/comments?post=114059"}],"version-history":[{"count":1,"href":"https:\/\/tvbrazilusa.com\/pt\/wp-json\/wp\/v2\/posts\/114059\/revisions"}],"predecessor-version":[{"id":114061,"href":"https:\/\/tvbrazilusa.com\/pt\/wp-json\/wp\/v2\/posts\/114059\/revisions\/114061"}],"wp:featuredmedia":[{"embeddable":true,"href":"https:\/\/tvbrazilusa.com\/pt\/wp-json\/wp\/v2\/media\/114060"}],"wp:attachment":[{"href":"https:\/\/tvbrazilusa.com\/pt\/wp-json\/wp\/v2\/media?parent=114059"}],"wp:term":[{"taxonomy":"category","embeddable":true,"href":"https:\/\/tvbrazilusa.com\/pt\/wp-json\/wp\/v2\/categories?post=114059"},{"taxonomy":"post_tag","embeddable":true,"href":"https:\/\/tvbrazilusa.com\/pt\/wp-json\/wp\/v2\/tags?post=114059"}],"curies":[{"name":"wp","href":"https:\/\/api.w.org\/{rel}","templated":true}]}}