{"id":114062,"date":"2025-03-26T14:23:53","date_gmt":"2025-03-26T14:23:53","guid":{"rendered":"https:\/\/tvbrazilusa.com\/2025\/03\/26\/magistrada-toma-acao-judicial-contra-advogado-por-peticao-considerada-machista\/"},"modified":"2025-03-26T14:23:55","modified_gmt":"2025-03-26T14:23:55","slug":"magistrada-toma-acao-judicial-contra-advogado-por-peticao-considerada-machista","status":"publish","type":"post","link":"https:\/\/tvbrazilusa.com\/pt\/2025\/03\/26\/magistrada-toma-acao-judicial-contra-advogado-por-peticao-considerada-machista\/","title":{"rendered":"Magistrada toma a\u00e7\u00e3o judicial contra advogado por peti\u00e7\u00e3o considerada machista"},"content":{"rendered":"<p> <script async src=\"https:\/\/pagead2.googlesyndication.com\/pagead\/js\/adsbygoogle.js?client=ca-pub-8864793242727901\"\r\n     crossorigin=\"anonymous\"><\/script><br \/>\n<\/p>\n<div id=\"taboola-read-more\" style=\"display:block; width:100%\">\n<p>A ju\u00edza Helenice Rangel Martins (foto em destaque), do Tribunal de Justi\u00e7a do Rio de Janeiro (TJRJ), entrou com uma a\u00e7\u00e3o criminal por inj\u00faria contra o advogado Jos\u00e9 Francisco Abud. Ele teceu coment\u00e1rios rac1stas e desrespeitosos por meio de peti\u00e7\u00e3o e e-mail.<\/p>\n<p>Abud escreveu que Helenice \u00e9 \u201cmagistrada afrodescendente com resqu\u00edcios de senz4la e recalque ou mem\u00f3ria celular dos a\u00e7oites\u201d.<\/p>\n<p>O Tribunal divulgou nota de rep\u00fadio \u00e0s manifesta\u00e7\u00f5es racistas direcionadas \u00e0 magistrada, que \u00e9 titular da 3\u00aa Vara C\u00edvel de Campos dos Goytacazes, do TJRJ.<\/p>\n<p>\u201cAs declara\u00e7\u00f5es proferidas pelo advogado Jos\u00e9 Francisco Abud s\u00e3o incompat\u00edveis com o respeito exigido nas rela\u00e7\u00f5es institucionais e configuram evidente viola\u00e7\u00e3o aos princ\u00edpios \u00e9ticos e legais que regem a atividade jur\u00eddica\u201d, afirmou o TJRJ.<\/p>\n<p>Diante dos fatos, a Corregedoria da Ordem dos Advogados do Brasil Seccional do Rio de Janeiro (OAB-RJ) pediu a exclus\u00e3o do advogado Jos\u00e9 Francisco Abud pelos atos contra a magistrada.<\/p>\n<p>O parecer da sindic\u00e2ncia, aberta por determina\u00e7\u00e3o da presidente Ana Tereza Basilio, tamb\u00e9m solicitou a suspens\u00e3o preventiva das atividades do advogado.<\/p>\n<p>O presidente da OAB, Beto Simonetti, declarou que as atitudes que desrespeitam a magistratura, servidores e qualquer pessoa s\u00e3o incompat\u00edveis com os valores que norteiam a profiss\u00e3o e n\u00e3o condizem com a conduta esperada de advogados e advogadas.<\/p>\n<p>Fonte: Metr\u00f3poles<\/p>\n<\/p><\/div>\n<p><br \/>\n<br \/><a href=\"https:\/\/diariodobrasilnoticias.com.br\/noticia\/magistrada-toma-acao-judicial-contra-advogado-por-peticao-considerada-machista-67e3f53b566cf\">Source link <\/a><\/p>","protected":false},"excerpt":{"rendered":"<p>A ju\u00edza Helenice Rangel Martins (foto em destaque), do Tribunal de Justi\u00e7a do Rio de Janeiro (TJRJ), entrou com uma a\u00e7\u00e3o criminal por inj\u00faria contra o advogado Jos\u00e9 Francisco Abud.&hellip;<\/p>","protected":false},"author":1,"featured_media":114063,"comment_status":"closed","ping_status":"open","sticky":false,"template":"","format":"standard","meta":{"content-type":"","footnotes":""},"categories":[16],"tags":[123,2448,5313,1267],"class_list":["post-114062","post","type-post","status-publish","format-standard","has-post-thumbnail","hentry","category-noticias","tag-brasil","tag-diario","tag-noticia","tag-noticias"],"_links":{"self":[{"href":"https:\/\/tvbrazilusa.com\/pt\/wp-json\/wp\/v2\/posts\/114062","targetHints":{"allow":["GET"]}}],"collection":[{"href":"https:\/\/tvbrazilusa.com\/pt\/wp-json\/wp\/v2\/posts"}],"about":[{"href":"https:\/\/tvbrazilusa.com\/pt\/wp-json\/wp\/v2\/types\/post"}],"author":[{"embeddable":true,"href":"https:\/\/tvbrazilusa.com\/pt\/wp-json\/wp\/v2\/users\/1"}],"replies":[{"embeddable":true,"href":"https:\/\/tvbrazilusa.com\/pt\/wp-json\/wp\/v2\/comments?post=114062"}],"version-history":[{"count":1,"href":"https:\/\/tvbrazilusa.com\/pt\/wp-json\/wp\/v2\/posts\/114062\/revisions"}],"predecessor-version":[{"id":114064,"href":"https:\/\/tvbrazilusa.com\/pt\/wp-json\/wp\/v2\/posts\/114062\/revisions\/114064"}],"wp:featuredmedia":[{"embeddable":true,"href":"https:\/\/tvbrazilusa.com\/pt\/wp-json\/wp\/v2\/media\/114063"}],"wp:attachment":[{"href":"https:\/\/tvbrazilusa.com\/pt\/wp-json\/wp\/v2\/media?parent=114062"}],"wp:term":[{"taxonomy":"category","embeddable":true,"href":"https:\/\/tvbrazilusa.com\/pt\/wp-json\/wp\/v2\/categories?post=114062"},{"taxonomy":"post_tag","embeddable":true,"href":"https:\/\/tvbrazilusa.com\/pt\/wp-json\/wp\/v2\/tags?post=114062"}],"curies":[{"name":"wp","href":"https:\/\/api.w.org\/{rel}","templated":true}]}}