{"id":114074,"date":"2025-03-26T15:05:10","date_gmt":"2025-03-26T15:05:10","guid":{"rendered":"https:\/\/tvbrazilusa.com\/2025\/03\/26\/gleisi-quer-milicia-digital-contra-bolsonaro\/"},"modified":"2025-03-26T15:05:15","modified_gmt":"2025-03-26T15:05:15","slug":"gleisi-quer-milicia-digital-contra-bolsonaro","status":"publish","type":"post","link":"https:\/\/tvbrazilusa.com\/pt\/2025\/03\/26\/gleisi-quer-milicia-digital-contra-bolsonaro\/","title":{"rendered":"Gleisi quer &#8216;mil\u00edcia digital&#8217; contra Bolsonaro"},"content":{"rendered":"<p> <script async src=\"https:\/\/pagead2.googlesyndication.com\/pagead\/js\/adsbygoogle.js?client=ca-pub-8864793242727901\"\r\n     crossorigin=\"anonymous\"><\/script><br \/>\n<\/p>\n<div id=\"taboola-read-more\" style=\"display:block; width:100%\">\n<p>A ministra da Secretaria de Rela\u00e7\u00f5es Institucionais, Gleisi Hoffmann, quer que os parlamentares do Partido dos Trabalhadores (PT) se empenhem em uma a\u00e7\u00e3o coordenada nas redes sociais para repercutir o resultado do julgamento da den\u00fancia do ex-presidente Jair Bolsonaro (PL) e de mais sete investigados, na primeira turma do Supremo Tribunal Federal (STF), nesta quarta-feira (26).\n<\/p>\n<p>Gleisi participou da reuni\u00e3o da bancada do PT, na noite de ter\u00e7a (25), na sede do partido, em Bras\u00edlia. Na ocasi\u00e3o, a ex-presidente da sigla orientou senadores e deputados a refor\u00e7arem em seus perfis nas redes sociais que houve uma tentativa de ruptura da democracia, liderada por Bolsonaro. Os parlamentares tamb\u00e9m est\u00e3o sendo incentivados pelo partido a se manifestarem sobre o andamento das sess\u00f5es que tratam o caso, na primeira turma.<\/p>\n<p>Caso os ministros decidam acatar a den\u00fancia da Procuradoria Geral da Rep\u00fablica (PGR), e tornem Bolsonaro e aliados r\u00e9us no processo, a orienta\u00e7\u00e3o \u00e9 usar o julgamento, ao m\u00e1ximo, para promover um desgaste na imagem do ex-presidente.\n<\/p>\n<p>Na reuni\u00e3o da bancada, integrantes da executiva nacional do partido tamb\u00e9m pediram um esfor\u00e7o concentrado dos deputados para barrar o projeto de lei que anistia os condenados pelos atos de 8 de janeiro de 2023. Na avalia\u00e7\u00e3o de petistas com quem a CNN conversou, a pauta pode servir de \u201ccortina de fuma\u00e7a para a luta democr\u00e1tica\u201d. Segundo parlamentares, \u201ca bancada est\u00e1 muito consciente\u201d.\n<\/p>\n<p>O encontro de parlamentares com a Executiva Nacional do partido j\u00e1 estava previsto. Gleisi foi convidada pelo presidente interino, senador Humberto Costa (PT-BA), para expor as iniciativas do governo, falar da sua atua\u00e7\u00e3o \u00e0 frente da SRI de Lula e fazer uma an\u00e1lise pol\u00edtica dos fatos recentes.\n<\/p>\n<p>Fonte: CNN              <\/p>\n<\/div>\n<p><br \/>\n<br \/><a href=\"https:\/\/diariodobrasilnoticias.com.br\/noticia\/gleisi-quer-milicia-digital-contra-bolsonaro-67e3fdbba5132\">Source link <\/a><\/p>","protected":false},"excerpt":{"rendered":"<p>A ministra da Secretaria de Rela\u00e7\u00f5es Institucionais, Gleisi Hoffmann, quer que os parlamentares do Partido dos Trabalhadores (PT) se empenhem em uma a\u00e7\u00e3o coordenada nas redes sociais para repercutir o&hellip;<\/p>","protected":false},"author":1,"featured_media":114075,"comment_status":"closed","ping_status":"open","sticky":false,"template":"","format":"standard","meta":{"content-type":"","footnotes":""},"categories":[16],"tags":[123,2448,5313,1267],"class_list":["post-114074","post","type-post","status-publish","format-standard","has-post-thumbnail","hentry","category-noticias","tag-brasil","tag-diario","tag-noticia","tag-noticias"],"_links":{"self":[{"href":"https:\/\/tvbrazilusa.com\/pt\/wp-json\/wp\/v2\/posts\/114074","targetHints":{"allow":["GET"]}}],"collection":[{"href":"https:\/\/tvbrazilusa.com\/pt\/wp-json\/wp\/v2\/posts"}],"about":[{"href":"https:\/\/tvbrazilusa.com\/pt\/wp-json\/wp\/v2\/types\/post"}],"author":[{"embeddable":true,"href":"https:\/\/tvbrazilusa.com\/pt\/wp-json\/wp\/v2\/users\/1"}],"replies":[{"embeddable":true,"href":"https:\/\/tvbrazilusa.com\/pt\/wp-json\/wp\/v2\/comments?post=114074"}],"version-history":[{"count":1,"href":"https:\/\/tvbrazilusa.com\/pt\/wp-json\/wp\/v2\/posts\/114074\/revisions"}],"predecessor-version":[{"id":114076,"href":"https:\/\/tvbrazilusa.com\/pt\/wp-json\/wp\/v2\/posts\/114074\/revisions\/114076"}],"wp:featuredmedia":[{"embeddable":true,"href":"https:\/\/tvbrazilusa.com\/pt\/wp-json\/wp\/v2\/media\/114075"}],"wp:attachment":[{"href":"https:\/\/tvbrazilusa.com\/pt\/wp-json\/wp\/v2\/media?parent=114074"}],"wp:term":[{"taxonomy":"category","embeddable":true,"href":"https:\/\/tvbrazilusa.com\/pt\/wp-json\/wp\/v2\/categories?post=114074"},{"taxonomy":"post_tag","embeddable":true,"href":"https:\/\/tvbrazilusa.com\/pt\/wp-json\/wp\/v2\/tags?post=114074"}],"curies":[{"name":"wp","href":"https:\/\/api.w.org\/{rel}","templated":true}]}}