{"id":114077,"date":"2025-03-26T15:19:17","date_gmt":"2025-03-26T15:19:17","guid":{"rendered":"https:\/\/tvbrazilusa.com\/2025\/03\/26\/crusoe-carmen-lucia-coloca-abin-em-seu-devido-lugar\/"},"modified":"2025-03-26T15:19:22","modified_gmt":"2025-03-26T15:19:22","slug":"crusoe-carmen-lucia-coloca-abin-em-seu-devido-lugar","status":"publish","type":"post","link":"https:\/\/tvbrazilusa.com\/pt\/2025\/03\/26\/crusoe-carmen-lucia-coloca-abin-em-seu-devido-lugar\/","title":{"rendered":"Cruso\u00e9: C\u00e1rmen L\u00facia coloca Abin em seu devido lugar"},"content":{"rendered":"<p> <script async src=\"https:\/\/pagead2.googlesyndication.com\/pagead\/js\/adsbygoogle.js?client=ca-pub-8864793242727901\"\r\n     crossorigin=\"anonymous\"><\/script><br \/>\n<\/p>\n<div id=\"taboola-read-more\" style=\"display:block; width:100%\">\n<p>Quando presidente, Jair Bolsonaro foi acusado de usar a Associa\u00e7\u00e3o Brasileira de Intelig\u00eancia (Abin) para espionar autoridades e desafetos pol\u00edticos, al\u00e9m de proteger seu filho Fl\u00e1vio Bolsonaro no caso das rachadinhas.\n<\/p>\n<p>Nesta ter\u00e7a, 25, o advogado Paulo Renato Garcia Cintra Pinto, encarregado da defesa de Alexandre Ramagen, ex-diretor-geral da Abin no governo de Bolsonaro, tentou dar uma nova fun\u00e7\u00e3o institucional para a Abin.<\/p>\n<p>Cintra Pinto disse que tr\u00eas documentos de Ramagem usados pela Procuradoria-Geral da Rep\u00fablica seriam inofensivos para a trama golpista. Em um deles, Ramagem fala da cria\u00e7\u00e3o de um GT, um grupo de trabalho.\n<\/p>\n<p>\u201cO segundo documento trata de uma\u2026 Alexandre Ramagem menciona a cria\u00e7\u00e3o de um GT de trabalho, um grupo de trabalho na Abin, cujo objetivo era aferir a confiabilidade e seguran\u00e7a das urnas e menciona o nome de Angelo Denicoli nesse documento. Notem, excel\u00eancias: apurar a confiabilidade, a seguran\u00e7a, das urnas se encontra dentro do papel institucional da Abin, sem d\u00favida nenhuma. \u00c9 um assunto atinente \u00e0 soberania nacional, a seguran\u00e7a do processo eleitoral de vota\u00e7\u00e3o\u201c, afirmou Cintra Pinto.\n<\/p>\n<p>C\u00e1rmen interrompe<br \/>Ap\u00f3s sua apresenta\u00e7\u00e3o, a ministra C\u00e1rmen L\u00facia (foto), que integra a Primeira Turma do STF e ir\u00e1 analisar se a den\u00fancia deve ou n\u00e3o ser aceita, fez uma breve pergunta.\n<\/p>\n<p>\u201cVossa Excel\u00eancia disse que \u00e9 dever da Abin apurar a seguran\u00e7a e a fiscaliza\u00e7\u00e3o das urnas no processo eleitoral. Essa frase de Vossa Excel\u00eancia, que eu anotei aqui, \u00e9 essa a frase de Vossa Excel\u00eancia?\u201c, perguntou C\u00e1rmen.\n<\/p>\n<p>O advogado, ent\u00e3o, respondeu: \u201cEu disse que est\u00e1 entre as fun\u00e7\u00f5es institucionais da Abin zelar pela seguran\u00e7a do processo eleitoral porque \u00e9 um tema de soberania\u201c.\n<\/p>\n<p>Em seguida, C\u00e1rmen corrigiu a informa\u00e7\u00e3o.\n<\/p>\n<p>\u201cVossa Excel\u00eancia anotou urnas [como fun\u00e7\u00e3o da Abin]. Mas as urnas s\u00e3o de outro Poder\u201c, contestou a ministra. \u201cS\u00f3 pra ter certeza do que eu anotei do que os senhores advogados falaram.\u201d\n<\/p>\n<p>De fato, n\u00e3o h\u00e1 nada que diga que \u00e9 fun\u00e7\u00e3o da Abin \u201caferir a confiabilidade e seguran\u00e7a das urnas\u201c, como afirmou o advogado.\n<\/p>\n<p>Cabe \u00e0 Abin, isso sim, munir o presidente de informa\u00e7\u00f5es estrat\u00e9gicas para ajudar na tomada de decis\u00f5es.\n<\/p>\n<p>Entre os temas que devem entrar na mira da ag\u00eancia est\u00e3o \u201cconhecimentos relativos \u00e0 seguran\u00e7a do Estado e da sociedade, defesa externa, rela\u00e7\u00f5es exteriores, seguran\u00e7a interna, desenvolvimento socioecon\u00f4mico e desenvolvimento cient\u00edfico-tecnol\u00f3gico\u201c, segundo o site da ag\u00eancia.<\/p>\n<p>Fonte: O antagonista              <\/p>\n<\/div>\n<p><br \/>\n<br \/><a href=\"https:\/\/diariodobrasilnoticias.com.br\/noticia\/crusoe-carmen-lucia-coloca-abin-em-seu-devido-lugar-67e3ff0fc4361\">Source link <\/a><\/p>","protected":false},"excerpt":{"rendered":"<p>Quando presidente, Jair Bolsonaro foi acusado de usar a Associa\u00e7\u00e3o Brasileira de Intelig\u00eancia (Abin) para espionar autoridades e desafetos pol\u00edticos, al\u00e9m de proteger seu filho Fl\u00e1vio Bolsonaro no caso das&hellip;<\/p>","protected":false},"author":1,"featured_media":114078,"comment_status":"closed","ping_status":"open","sticky":false,"template":"","format":"standard","meta":{"content-type":"","footnotes":""},"categories":[16],"tags":[123,2448,5313,1267],"class_list":["post-114077","post","type-post","status-publish","format-standard","has-post-thumbnail","hentry","category-noticias","tag-brasil","tag-diario","tag-noticia","tag-noticias"],"_links":{"self":[{"href":"https:\/\/tvbrazilusa.com\/pt\/wp-json\/wp\/v2\/posts\/114077","targetHints":{"allow":["GET"]}}],"collection":[{"href":"https:\/\/tvbrazilusa.com\/pt\/wp-json\/wp\/v2\/posts"}],"about":[{"href":"https:\/\/tvbrazilusa.com\/pt\/wp-json\/wp\/v2\/types\/post"}],"author":[{"embeddable":true,"href":"https:\/\/tvbrazilusa.com\/pt\/wp-json\/wp\/v2\/users\/1"}],"replies":[{"embeddable":true,"href":"https:\/\/tvbrazilusa.com\/pt\/wp-json\/wp\/v2\/comments?post=114077"}],"version-history":[{"count":1,"href":"https:\/\/tvbrazilusa.com\/pt\/wp-json\/wp\/v2\/posts\/114077\/revisions"}],"predecessor-version":[{"id":114079,"href":"https:\/\/tvbrazilusa.com\/pt\/wp-json\/wp\/v2\/posts\/114077\/revisions\/114079"}],"wp:featuredmedia":[{"embeddable":true,"href":"https:\/\/tvbrazilusa.com\/pt\/wp-json\/wp\/v2\/media\/114078"}],"wp:attachment":[{"href":"https:\/\/tvbrazilusa.com\/pt\/wp-json\/wp\/v2\/media?parent=114077"}],"wp:term":[{"taxonomy":"category","embeddable":true,"href":"https:\/\/tvbrazilusa.com\/pt\/wp-json\/wp\/v2\/categories?post=114077"},{"taxonomy":"post_tag","embeddable":true,"href":"https:\/\/tvbrazilusa.com\/pt\/wp-json\/wp\/v2\/tags?post=114077"}],"curies":[{"name":"wp","href":"https:\/\/api.w.org\/{rel}","templated":true}]}}