{"id":114089,"date":"2025-03-26T16:01:30","date_gmt":"2025-03-26T16:01:30","guid":{"rendered":"https:\/\/tvbrazilusa.com\/2025\/03\/26\/governo-lula-corta-r-455-mi-das-comunidades-terapeuticas\/"},"modified":"2025-03-26T16:01:32","modified_gmt":"2025-03-26T16:01:32","slug":"governo-lula-corta-r-455-mi-das-comunidades-terapeuticas","status":"publish","type":"post","link":"https:\/\/tvbrazilusa.com\/pt\/2025\/03\/26\/governo-lula-corta-r-455-mi-das-comunidades-terapeuticas\/","title":{"rendered":"Governo Lula corta R$ 45,5 mi das comunidades terap\u00eauticas"},"content":{"rendered":"<p> <script async src=\"https:\/\/pagead2.googlesyndication.com\/pagead\/js\/adsbygoogle.js?client=ca-pub-8864793242727901\"\r\n     crossorigin=\"anonymous\"><\/script><br \/>\n<\/p>\n<div id=\"taboola-read-more\" style=\"display:block; width:100%\">\n<p>O governo de Luiz In\u00e1cio Lula da Silva reduziu em 20% o or\u00e7amento destinado \u00e0s comunidades terap\u00eauticas, centros respons\u00e1veis pelo acolhimento e recupera\u00e7\u00e3o de dependentes qu\u00edmicos.\n<\/p>\n<p>Segundo o Plano Plurianual (PPA 2024-2027), o or\u00e7amento para essas institui\u00e7\u00f5es caiu de R$ 223,2 milh\u00f5es em 2024 para R$ 177,7 milh\u00f5es em 2025, um corte de aproximadamente R$ 45,5 milh\u00f5es.<\/p>\n<p>A redu\u00e7\u00e3o, prevista na Lei Or\u00e7ament\u00e1ria Anual (LOA) para 2025, compromete o atendimento a cerca de 33 mil pessoas. Hoje, das 585 comunidades terap\u00eauticas habilitadas pelo Minist\u00e9rio do Desenvolvimento e Assist\u00eancia Social (MDS), apenas 180 foram contratadas.\n<\/p>\n<p>Isso representa 405 institui\u00e7\u00f5es sem recursos e, consequentemente, milhares de pessoas sem acesso ao tratamento adequado. Cada paciente adulto acolhido nas comunidades custa ao poder p\u00fablico cerca de R$ 1,1 mil por m\u00eas, valor destinado \u00e0 alimenta\u00e7\u00e3o, hospedagem, cuidados de higiene e atividades terap\u00eauticas.\n<\/p>\n<p>O corte contraria a Portaria n\u00ba 907 do MDS, que previa amplia\u00e7\u00e3o progressiva no n\u00famero de acolhimentos realizados pelas comunidades terap\u00eauticas at\u00e9 2026. O or\u00e7amento insuficiente sugere que o governo Lula n\u00e3o conseguir\u00e1 cumprir nem mesmo os objetivos m\u00ednimos estabelecidos por seu pr\u00f3prio planejamento estrat\u00e9gico.\n<\/p>\n<p><strong>Kilter critica corte do governo Lula<\/strong>\n<\/p>\n<p>O vereador Guilherme Kilter (Novo), de Curitiba, criticou o corte or\u00e7ament\u00e1rio e destacou o impacto devastador da medida. \u201cEssas comunidades s\u00e3o fundamentais no tratamento e recupera\u00e7\u00e3o de pessoas que enfrentam problemas com drogas\u201d, afirmou. \u201cO governo Lula corta exatamente onde deveria ampliar investimentos, colocando em risco milhares de vidas e fam\u00edlias.\u201d\n<\/p>\n<p>O parlamentar ressaltou a import\u00e2ncia de uma mobiliza\u00e7\u00e3o para pressionar o governo a reverter os cortes. \u201c\u00c9 urgente rever essa decis\u00e3o\u201d, diz. \u201cN\u00e3o se trata apenas de n\u00fameros, mas da vida de milhares de pessoas que dependem desses servi\u00e7os para vencer a depend\u00eancia qu\u00edmica e recuperar sua dignidade.\u201d\n<\/p>\n<p><strong>Revista Oeste<\/strong>              <\/p>\n<\/div>\n<p><br \/>\n<br \/><a href=\"https:\/\/diariodobrasilnoticias.com.br\/noticia\/governo-lula-corta-r-45-5-mi-das-comunidades-terapeuticas-67e40bb9c24b5\">Source link <\/a><\/p>","protected":false},"excerpt":{"rendered":"<p>O governo de Luiz In\u00e1cio Lula da Silva reduziu em 20% o or\u00e7amento destinado \u00e0s comunidades terap\u00eauticas, centros respons\u00e1veis pelo acolhimento e recupera\u00e7\u00e3o de dependentes qu\u00edmicos. Segundo o Plano Plurianual&hellip;<\/p>","protected":false},"author":1,"featured_media":114090,"comment_status":"closed","ping_status":"open","sticky":false,"template":"","format":"standard","meta":{"content-type":"","footnotes":""},"categories":[16],"tags":[123,2448,5313,1267],"class_list":["post-114089","post","type-post","status-publish","format-standard","has-post-thumbnail","hentry","category-noticias","tag-brasil","tag-diario","tag-noticia","tag-noticias"],"_links":{"self":[{"href":"https:\/\/tvbrazilusa.com\/pt\/wp-json\/wp\/v2\/posts\/114089","targetHints":{"allow":["GET"]}}],"collection":[{"href":"https:\/\/tvbrazilusa.com\/pt\/wp-json\/wp\/v2\/posts"}],"about":[{"href":"https:\/\/tvbrazilusa.com\/pt\/wp-json\/wp\/v2\/types\/post"}],"author":[{"embeddable":true,"href":"https:\/\/tvbrazilusa.com\/pt\/wp-json\/wp\/v2\/users\/1"}],"replies":[{"embeddable":true,"href":"https:\/\/tvbrazilusa.com\/pt\/wp-json\/wp\/v2\/comments?post=114089"}],"version-history":[{"count":1,"href":"https:\/\/tvbrazilusa.com\/pt\/wp-json\/wp\/v2\/posts\/114089\/revisions"}],"predecessor-version":[{"id":114091,"href":"https:\/\/tvbrazilusa.com\/pt\/wp-json\/wp\/v2\/posts\/114089\/revisions\/114091"}],"wp:featuredmedia":[{"embeddable":true,"href":"https:\/\/tvbrazilusa.com\/pt\/wp-json\/wp\/v2\/media\/114090"}],"wp:attachment":[{"href":"https:\/\/tvbrazilusa.com\/pt\/wp-json\/wp\/v2\/media?parent=114089"}],"wp:term":[{"taxonomy":"category","embeddable":true,"href":"https:\/\/tvbrazilusa.com\/pt\/wp-json\/wp\/v2\/categories?post=114089"},{"taxonomy":"post_tag","embeddable":true,"href":"https:\/\/tvbrazilusa.com\/pt\/wp-json\/wp\/v2\/tags?post=114089"}],"curies":[{"name":"wp","href":"https:\/\/api.w.org\/{rel}","templated":true}]}}