{"id":114095,"date":"2025-03-26T16:28:09","date_gmt":"2025-03-26T16:28:09","guid":{"rendered":"https:\/\/tvbrazilusa.com\/2025\/03\/26\/subsindico-perde-tres-dentes-apos-ser-agredido-por-ex-jogador-do-corinthians\/"},"modified":"2025-03-26T16:28:14","modified_gmt":"2025-03-26T16:28:14","slug":"subsindico-perde-tres-dentes-apos-ser-agredido-por-ex-jogador-do-corinthians","status":"publish","type":"post","link":"https:\/\/tvbrazilusa.com\/pt\/2025\/03\/26\/subsindico-perde-tres-dentes-apos-ser-agredido-por-ex-jogador-do-corinthians\/","title":{"rendered":"Subs\u00edndico perde tr\u00eas dentes ap\u00f3s ser agredido por ex-jogador do Corinthians"},"content":{"rendered":"<p> <script async src=\"https:\/\/pagead2.googlesyndication.com\/pagead\/js\/adsbygoogle.js?client=ca-pub-8864793242727901\"\r\n     crossorigin=\"anonymous\"><\/script><br \/>\n<\/p>\n<div>\n<figure class=\"post-image\">\n<\/figure>\n<p>            <span style=\"font-size: 12px\">Reprodu\u00e7\u00e3o<\/span><\/p>\n<p>            <!-- end metas --><br \/>\n            <!-- ADS --><\/p>\n<div id=\"taboola-read-more\" style=\"display:block; width:100%\">\n<p>O ex-jogador R\u00e9gis Pitbull, de 48 anos, foi preso em flagrante nesta ter\u00e7a-feira (25) em Pirituba, zona norte de S\u00e3o Paulo. Ele \u00e9 acusado de agredir o subs\u00edndico do condom\u00ednio onde mora, com socos e cabe\u00e7ada, dentro do elevador.\n<\/p>\n<p>A Pol\u00edcia Militar foi acionada \u00e0s 11h25 para atender uma ocorr\u00eancia de desentendimento entre vizinhos na rua Doutor Achilles Lisboa. Segundo a corpora\u00e7\u00e3o, R\u00e9gis deu uma cabe\u00e7ada e dois socos no subs\u00edndico do condom\u00ednio, \u201ccausando a perda de tr\u00eas dentes\u201d.<\/p>\n<p>O ex-jogador foi preso em flagrante por les\u00e3o corporal grave no 33\u00b0 DP (Pirituba), segundo a Secretaria da Seguran\u00e7a P\u00fablica (SSP). O Metr\u00f3poles n\u00e3o localizou a defesa de R\u00e9gis. O espa\u00e7o segue aberto para manifesta\u00e7\u00f5es.\n<\/p>\n<p>R\u00e9gis Pitbull teve passagens por Corinthians, Vasco e Ponte Preta. Ele se aposentou dos gramados em 2011.\n<\/p>\n<p>Com informa\u00e7\u00f5es de Metr\u00f3poles              <\/p>\n<\/div>\n<p>                        <!-- Scripts para conteudo --><\/p>\n<p>            <!-- .\/Scripts para conteudo --><br \/>\n            <!-- .\/Mat\u00e9ria --><\/p>\n<div class=\"row mt-3\">\n<div class=\"col-sm-6\">\n                <!-- Whatsapp channel 3--><br \/>\n                <a href=\"https:\/\/chat.whatsapp.com\/B8Qy6Erx4kb6yTzj3kaDco\" target=\"_blank\"><br \/>\n                  <img decoding=\"async\" src=\"https:\/\/diariodobrasilnoticias.com.br\/assets-site\/images\/bot_whatsapp.png\"\/><\/a>\n              <\/div>\n<div class=\"col-sm-6\">\n                <a href=\"https:\/\/t.me\/+_4gTmi5LKo03OTM5\" target=\"_blank\"><br \/>\n                  <img decoding=\"async\" src=\"https:\/\/diariodobrasilnoticias.com.br\/assets-site\/images\/bot_telegram.png\"\/><\/a>\n              <\/div>\n<\/p><\/div>\n<p>            <!-- end post-navigation --><\/p>\n<p>              <!-- end row --><\/p>\n<p>              <!-- end col-12-->\n                      <\/div>\n<p><br \/>\n<br \/><a href=\"https:\/\/diariodobrasilnoticias.com.br\/noticia\/subsindico-perde-tres-dentes-apos-ser-agredido-por-ex-jogador-do-corinthians-67e40c915117f\">Source link <\/a><\/p>","protected":false},"excerpt":{"rendered":"<p>Reprodu\u00e7\u00e3o O ex-jogador R\u00e9gis Pitbull, de 48 anos, foi preso em flagrante nesta ter\u00e7a-feira (25) em Pirituba, zona norte de S\u00e3o Paulo. Ele \u00e9 acusado de agredir o subs\u00edndico do&hellip;<\/p>","protected":false},"author":1,"featured_media":114096,"comment_status":"closed","ping_status":"open","sticky":false,"template":"","format":"standard","meta":{"content-type":"","footnotes":""},"categories":[16],"tags":[123,2448,5313,1267],"class_list":["post-114095","post","type-post","status-publish","format-standard","has-post-thumbnail","hentry","category-noticias","tag-brasil","tag-diario","tag-noticia","tag-noticias"],"_links":{"self":[{"href":"https:\/\/tvbrazilusa.com\/pt\/wp-json\/wp\/v2\/posts\/114095","targetHints":{"allow":["GET"]}}],"collection":[{"href":"https:\/\/tvbrazilusa.com\/pt\/wp-json\/wp\/v2\/posts"}],"about":[{"href":"https:\/\/tvbrazilusa.com\/pt\/wp-json\/wp\/v2\/types\/post"}],"author":[{"embeddable":true,"href":"https:\/\/tvbrazilusa.com\/pt\/wp-json\/wp\/v2\/users\/1"}],"replies":[{"embeddable":true,"href":"https:\/\/tvbrazilusa.com\/pt\/wp-json\/wp\/v2\/comments?post=114095"}],"version-history":[{"count":1,"href":"https:\/\/tvbrazilusa.com\/pt\/wp-json\/wp\/v2\/posts\/114095\/revisions"}],"predecessor-version":[{"id":114097,"href":"https:\/\/tvbrazilusa.com\/pt\/wp-json\/wp\/v2\/posts\/114095\/revisions\/114097"}],"wp:featuredmedia":[{"embeddable":true,"href":"https:\/\/tvbrazilusa.com\/pt\/wp-json\/wp\/v2\/media\/114096"}],"wp:attachment":[{"href":"https:\/\/tvbrazilusa.com\/pt\/wp-json\/wp\/v2\/media?parent=114095"}],"wp:term":[{"taxonomy":"category","embeddable":true,"href":"https:\/\/tvbrazilusa.com\/pt\/wp-json\/wp\/v2\/categories?post=114095"},{"taxonomy":"post_tag","embeddable":true,"href":"https:\/\/tvbrazilusa.com\/pt\/wp-json\/wp\/v2\/tags?post=114095"}],"curies":[{"name":"wp","href":"https:\/\/api.w.org\/{rel}","templated":true}]}}