{"id":114098,"date":"2025-03-26T16:42:50","date_gmt":"2025-03-26T16:42:50","guid":{"rendered":"https:\/\/tvbrazilusa.com\/2025\/03\/26\/assista-ao-2o-dia-do-julgamento-de-jair-bolsonaro-no-stf\/"},"modified":"2025-03-26T16:42:58","modified_gmt":"2025-03-26T16:42:58","slug":"assista-ao-2o-dia-do-julgamento-de-jair-bolsonaro-no-stf","status":"publish","type":"post","link":"https:\/\/tvbrazilusa.com\/pt\/2025\/03\/26\/assista-ao-2o-dia-do-julgamento-de-jair-bolsonaro-no-stf\/","title":{"rendered":"Assista ao 2\u00ba dia do julgamento de Jair Bolsonaro no STF"},"content":{"rendered":"<p> <script async src=\"https:\/\/pagead2.googlesyndication.com\/pagead\/js\/adsbygoogle.js?client=ca-pub-8864793242727901\"\r\n     crossorigin=\"anonymous\"><\/script><br \/>\n<\/p>\n<div>\n<figure class=\"post-image\">\n<\/figure>\n<p>            <span style=\"font-size: 12px\">Foto: Fellipe Sampaio \/STF<\/span><\/p>\n<p>            <!-- end metas --><br \/>\n            <!-- ADS --><\/p>\n<div id=\"taboola-read-more\" style=\"display:block; width:100%\">\n<p>Nesta quarta-feira (26), a Primeira Turma do Supremo Tribunal Federal (STF) retoma o julgamento que pode tornar o ex-presidente Jair Bolsonaro (PL) e mais sete acusados r\u00e9us por tentativa de golpe de Estado.\n<\/p>\n<p>A sess\u00e3o ser\u00e1 iniciada \u00e0s 9h30 com o voto do ministro Alexandre de Moraes, relator do processo.<\/p>\n<p>A Corte analisa a den\u00fancia apresentada pela Procuradoria-Geral da Rep\u00fablica (PGR) contra Bolsonaro e aliados por tentativa de suposto golpe de Estado.\n<\/p>\n<p>O caso est\u00e1 sob an\u00e1lise da Primeira Turma da Corte do Supremo Tribunal Federal (STF), composta por cinco dos 11 ministros da Corte. S\u00e3o eles: Alexandre de Moraes, Cristiano Zanin, Luiz Fux, C\u00e1rmen L\u00facia e Fl\u00e1vio Dino.\n<\/p>\n<p>Al\u00e9m de Bolsonaro, s\u00e3o alvos da den\u00fancia o ex-diretor-geral da Ag\u00eancia Brasileira de Intelig\u00eancia (Abin), deputado Alexandre Ramagem; o ex-comandante da Marinha do Brasil, Almir Garnier Santos; o ex-ministro da Justi\u00e7a Anderson Torres; o ex-ministro do Gabinete de Seguran\u00e7a Institucional, general Augusto Heleno; o ex-ajudante de ordens da Presid\u00eancia, tenente-coronel Mauro Cid; e os ex-ministros da Defesa, Paulo S\u00e9rgio Nogueira e Walter Souza Braga Netto, que concorreu como vice na chapa de Bolsonaro \u00e0 presid\u00eancia em 2022.\n<\/p>\n<p><strong>Assista:<\/strong>\n<\/p>\n<p><strong><iframe title=\"TV Justi\u00e7a - Ao vivo\" width=\"1170\" height=\"878\" src=\"https:\/\/www.youtube.com\/embed\/IWH57vdkVoU?feature=oembed\" frameborder=\"0\" allow=\"accelerometer; autoplay; clipboard-write; encrypted-media; gyroscope; picture-in-picture; web-share\" referrerpolicy=\"strict-origin-when-cross-origin\" allowfullscreen><\/iframe><\/strong>\n<\/p>\n<p><strong>Fonte: Pleno News<\/strong>              <\/p>\n<\/div>\n<p>                        <!-- Scripts para conteudo --><\/p>\n<p>            <!-- .\/Scripts para conteudo --><br \/>\n            <!-- .\/Mat\u00e9ria --><\/p>\n<div class=\"row mt-3\">\n<div class=\"col-sm-6\">\n                <!-- Whatsapp channel 3--><br \/>\n                <a href=\"https:\/\/chat.whatsapp.com\/B8Qy6Erx4kb6yTzj3kaDco\" target=\"_blank\"><br \/>\n                  <img decoding=\"async\" src=\"https:\/\/diariodobrasilnoticias.com.br\/assets-site\/images\/bot_whatsapp.png\"\/><\/a>\n              <\/div>\n<div class=\"col-sm-6\">\n                <a href=\"https:\/\/t.me\/+_4gTmi5LKo03OTM5\" target=\"_blank\"><br \/>\n                  <img decoding=\"async\" src=\"https:\/\/diariodobrasilnoticias.com.br\/assets-site\/images\/bot_telegram.png\"\/><\/a>\n              <\/div>\n<\/p><\/div>\n<p>            <!-- end post-navigation --><\/p>\n<p>              <!-- end row --><\/p>\n<p>              <!-- end col-12-->\n                      <\/div>\n<p><br \/>\n<br \/><a href=\"https:\/\/diariodobrasilnoticias.com.br\/noticia\/assista-ao-2-dia-do-julgamento-de-jair-bolsonaro-no-stf-67e4104993c0e\">Source link <\/a><\/p>","protected":false},"excerpt":{"rendered":"<p>Foto: Fellipe Sampaio \/STF Nesta quarta-feira (26), a Primeira Turma do Supremo Tribunal Federal (STF) retoma o julgamento que pode tornar o ex-presidente Jair Bolsonaro (PL) e mais sete acusados&hellip;<\/p>","protected":false},"author":1,"featured_media":114099,"comment_status":"closed","ping_status":"open","sticky":false,"template":"","format":"standard","meta":{"content-type":"","footnotes":""},"categories":[16],"tags":[123,2448,5313,1267],"class_list":["post-114098","post","type-post","status-publish","format-standard","has-post-thumbnail","hentry","category-noticias","tag-brasil","tag-diario","tag-noticia","tag-noticias"],"_links":{"self":[{"href":"https:\/\/tvbrazilusa.com\/pt\/wp-json\/wp\/v2\/posts\/114098","targetHints":{"allow":["GET"]}}],"collection":[{"href":"https:\/\/tvbrazilusa.com\/pt\/wp-json\/wp\/v2\/posts"}],"about":[{"href":"https:\/\/tvbrazilusa.com\/pt\/wp-json\/wp\/v2\/types\/post"}],"author":[{"embeddable":true,"href":"https:\/\/tvbrazilusa.com\/pt\/wp-json\/wp\/v2\/users\/1"}],"replies":[{"embeddable":true,"href":"https:\/\/tvbrazilusa.com\/pt\/wp-json\/wp\/v2\/comments?post=114098"}],"version-history":[{"count":1,"href":"https:\/\/tvbrazilusa.com\/pt\/wp-json\/wp\/v2\/posts\/114098\/revisions"}],"predecessor-version":[{"id":114100,"href":"https:\/\/tvbrazilusa.com\/pt\/wp-json\/wp\/v2\/posts\/114098\/revisions\/114100"}],"wp:featuredmedia":[{"embeddable":true,"href":"https:\/\/tvbrazilusa.com\/pt\/wp-json\/wp\/v2\/media\/114099"}],"wp:attachment":[{"href":"https:\/\/tvbrazilusa.com\/pt\/wp-json\/wp\/v2\/media?parent=114098"}],"wp:term":[{"taxonomy":"category","embeddable":true,"href":"https:\/\/tvbrazilusa.com\/pt\/wp-json\/wp\/v2\/categories?post=114098"},{"taxonomy":"post_tag","embeddable":true,"href":"https:\/\/tvbrazilusa.com\/pt\/wp-json\/wp\/v2\/tags?post=114098"}],"curies":[{"name":"wp","href":"https:\/\/api.w.org\/{rel}","templated":true}]}}