{"id":114109,"date":"2025-03-26T17:09:12","date_gmt":"2025-03-26T17:09:12","guid":{"rendered":"https:\/\/tvbrazilusa.com\/2025\/03\/26\/jovem-evangelico-e-interrompido-enquanto-fazia-live-pregando-e-sua-reacao-impressiona-veja-video\/"},"modified":"2025-03-26T17:09:14","modified_gmt":"2025-03-26T17:09:14","slug":"jovem-evangelico-e-interrompido-enquanto-fazia-live-pregando-e-sua-reacao-impressiona-veja-video","status":"publish","type":"post","link":"https:\/\/tvbrazilusa.com\/pt\/2025\/03\/26\/jovem-evangelico-e-interrompido-enquanto-fazia-live-pregando-e-sua-reacao-impressiona-veja-video\/","title":{"rendered":"Jovem evang\u00e9lico \u00e9 interrompido enquanto fazia live pregando e sua rea\u00e7\u00e3o impressiona; VEJA V\u00cdDEO"},"content":{"rendered":"<p> <script async src=\"https:\/\/pagead2.googlesyndication.com\/pagead\/js\/adsbygoogle.js?client=ca-pub-8864793242727901\"\r\n     crossorigin=\"anonymous\"><\/script><br \/>\n<\/p>\n<div id=\"taboola-read-more\" style=\"display:block; width:100%\">\n<p>O que voc\u00ea faria no lugar dele? Durante uma de suas tradicionais transmiss\u00f5es ao vivo na madrugada, Jo\u00e3o Igor (<a class=\"x1i10hfl xjbqb8w x1ejq31n xd10rxx x1sy0etr x17r0tee x972fbf xcfux6l x1qhh985 xm0m39n x9f619 x1ypdohk xt0psk2 xe8uvvx xdj266r x11i5rnm xat24cr x1mh8g0r xexx8yu x4uap5 x18d9i69 xkhd6sd x16tdsg8 x1hl2dhg xggy1nq x1a2a7pz notranslate _a6hd\" tabindex=\"0\" href=\"https:\/\/www.instagram.com\/joao_igoroficial\/\">@joao_igoroficial<\/a>), jovem evang\u00e9lico que realiza prega\u00e7\u00f5es e momentos de louvor no YouTube e Instagram, foi surpreendido por uma situa\u00e7\u00e3o incomum.<\/p>\n<p>Enquanto cantava e compartilhava sua mensagem em uma avenida, um homossexual, que possivelmente se identifica como travesti, interrompeu a transmiss\u00e3o e come\u00e7ou a entoar uma m\u00fasica sertaneja.<\/p>\n<p>Em vez de reagir negativamente ou se afastar, Jo\u00e3o Igor manteve a tranquilidade ap\u00f3s a interrup\u00e7\u00e3o e interagiu naturalmente, chegando a tocar alguns acordes e acompanhar a melodia por alguns instantes.<\/p>\n<p>Logo depois, conduziu a conversa de forma espont\u00e2nea para o louvor, despertando o interesse do desconhecido e criando um ambiente de adora\u00e7\u00e3o.<\/p>\n<p>A atitude dele chamou a aten\u00e7\u00e3o dos seguidores, que elogiaram a postura do evangelista diante da situa\u00e7\u00e3o. \u201cComo Jesus reagiria? Certamente, Jo\u00e3o, da mesma maneira como voc\u00ea agiu\u201d, comentou um internauta.\n<\/p>\n<p>ASSISTA<\/p>\n<p>Fonte: Conex\u00e3o Pol\u00edtica              <\/p>\n<\/div>\n<p><script async src=\"\/\/www.instagram.com\/embed.js\"><\/script><br \/>\n<br \/><br \/>\n<br \/><a href=\"https:\/\/diariodobrasilnoticias.com.br\/noticia\/jovem-evangelico-e-interrompido-enquanto-fazia-live-pregando-e-sua-reacao-impressiona-veja-video-67e411652c43b\">Source link <\/a><\/p>","protected":false},"excerpt":{"rendered":"<p>O que voc\u00ea faria no lugar dele? Durante uma de suas tradicionais transmiss\u00f5es ao vivo na madrugada, Jo\u00e3o Igor (@joao_igoroficial), jovem evang\u00e9lico que realiza prega\u00e7\u00f5es e momentos de louvor no&hellip;<\/p>","protected":false},"author":1,"featured_media":114110,"comment_status":"closed","ping_status":"open","sticky":false,"template":"","format":"standard","meta":{"content-type":"","footnotes":""},"categories":[16],"tags":[123,2448,5313,1267],"class_list":["post-114109","post","type-post","status-publish","format-standard","has-post-thumbnail","hentry","category-noticias","tag-brasil","tag-diario","tag-noticia","tag-noticias"],"_links":{"self":[{"href":"https:\/\/tvbrazilusa.com\/pt\/wp-json\/wp\/v2\/posts\/114109","targetHints":{"allow":["GET"]}}],"collection":[{"href":"https:\/\/tvbrazilusa.com\/pt\/wp-json\/wp\/v2\/posts"}],"about":[{"href":"https:\/\/tvbrazilusa.com\/pt\/wp-json\/wp\/v2\/types\/post"}],"author":[{"embeddable":true,"href":"https:\/\/tvbrazilusa.com\/pt\/wp-json\/wp\/v2\/users\/1"}],"replies":[{"embeddable":true,"href":"https:\/\/tvbrazilusa.com\/pt\/wp-json\/wp\/v2\/comments?post=114109"}],"version-history":[{"count":1,"href":"https:\/\/tvbrazilusa.com\/pt\/wp-json\/wp\/v2\/posts\/114109\/revisions"}],"predecessor-version":[{"id":114111,"href":"https:\/\/tvbrazilusa.com\/pt\/wp-json\/wp\/v2\/posts\/114109\/revisions\/114111"}],"wp:featuredmedia":[{"embeddable":true,"href":"https:\/\/tvbrazilusa.com\/pt\/wp-json\/wp\/v2\/media\/114110"}],"wp:attachment":[{"href":"https:\/\/tvbrazilusa.com\/pt\/wp-json\/wp\/v2\/media?parent=114109"}],"wp:term":[{"taxonomy":"category","embeddable":true,"href":"https:\/\/tvbrazilusa.com\/pt\/wp-json\/wp\/v2\/categories?post=114109"},{"taxonomy":"post_tag","embeddable":true,"href":"https:\/\/tvbrazilusa.com\/pt\/wp-json\/wp\/v2\/tags?post=114109"}],"curies":[{"name":"wp","href":"https:\/\/api.w.org\/{rel}","templated":true}]}}