{"id":114122,"date":"2025-03-26T17:37:04","date_gmt":"2025-03-26T17:37:04","guid":{"rendered":"https:\/\/tvbrazilusa.com\/2025\/03\/26\/moraes-tivemos-tentativa-de-golpe-de-estado-violentissima\/"},"modified":"2025-03-26T17:37:05","modified_gmt":"2025-03-26T17:37:05","slug":"moraes-tivemos-tentativa-de-golpe-de-estado-violentissima","status":"publish","type":"post","link":"https:\/\/tvbrazilusa.com\/pt\/2025\/03\/26\/moraes-tivemos-tentativa-de-golpe-de-estado-violentissima\/","title":{"rendered":"Moraes: &#8216;Tivemos tentativa de golpe de Estado violent\u00edssima&#8217;"},"content":{"rendered":"<p> <script async src=\"https:\/\/pagead2.googlesyndication.com\/pagead\/js\/adsbygoogle.js?client=ca-pub-8864793242727901\"\r\n     crossorigin=\"anonymous\"><\/script><br \/>\n<\/p>\n<div id=\"taboola-read-more\" style=\"display:block; width:100%\">\n<p>O ministro Alexandre de Moraes, do Supremo Tribunal Federal (STF), afirmou, nesta quarta-feira (26), durante sess\u00e3o de retomada do julgamento da den\u00fancia da Procuradoria-Geral da Rep\u00fablica (PGR), que \u00e9 necess\u00e1rio lembrar que houve tentativa de golpe de Estado, referindo-se aos atos antidemocr\u00e1ticos de 8 de janeiro de 2023.\n<\/p>\n<div id=\"mid2\" class=\"custom__ad__element\" data-google-query-id=\"CPr3-Yr2p4wDFdRPuAQd6NAElg\">\n<p>\u201c\u00c9 bom lembrar que tivemos tentativa de golpe de Estado violent\u00edssima. Fogo, destrui\u00e7\u00e3o de patrim\u00f4nio p\u00fablico, dano qualificado. Uma viol\u00eancia selvagem, incivilidade total, com pedido de interven\u00e7\u00e3o militar no golpe de Estado\u201d, afirmou.\u00a0<\/p>\n<p>A declara\u00e7\u00e3o ocorreu durante o seu voto no julgamento da den\u00fancia da PGR na Primeira Turma do STF.<\/p>\n<p>Fonte: CNN\n<\/p>\n<\/div><\/div>\n<p><br \/>\n<br \/><a href=\"https:\/\/diariodobrasilnoticias.com.br\/noticia\/moraes-tivemos-tentativa-de-golpe-de-estado-violentissima-67e40aa6616ba\">Source link <\/a><\/p>","protected":false},"excerpt":{"rendered":"<p>O ministro Alexandre de Moraes, do Supremo Tribunal Federal (STF), afirmou, nesta quarta-feira (26), durante sess\u00e3o de retomada do julgamento da den\u00fancia da Procuradoria-Geral da Rep\u00fablica (PGR), que \u00e9 necess\u00e1rio&hellip;<\/p>","protected":false},"author":1,"featured_media":114123,"comment_status":"closed","ping_status":"open","sticky":false,"template":"","format":"standard","meta":{"content-type":"","footnotes":""},"categories":[16],"tags":[123,2448,5313,1267],"class_list":["post-114122","post","type-post","status-publish","format-standard","has-post-thumbnail","hentry","category-noticias","tag-brasil","tag-diario","tag-noticia","tag-noticias"],"_links":{"self":[{"href":"https:\/\/tvbrazilusa.com\/pt\/wp-json\/wp\/v2\/posts\/114122","targetHints":{"allow":["GET"]}}],"collection":[{"href":"https:\/\/tvbrazilusa.com\/pt\/wp-json\/wp\/v2\/posts"}],"about":[{"href":"https:\/\/tvbrazilusa.com\/pt\/wp-json\/wp\/v2\/types\/post"}],"author":[{"embeddable":true,"href":"https:\/\/tvbrazilusa.com\/pt\/wp-json\/wp\/v2\/users\/1"}],"replies":[{"embeddable":true,"href":"https:\/\/tvbrazilusa.com\/pt\/wp-json\/wp\/v2\/comments?post=114122"}],"version-history":[{"count":1,"href":"https:\/\/tvbrazilusa.com\/pt\/wp-json\/wp\/v2\/posts\/114122\/revisions"}],"predecessor-version":[{"id":114124,"href":"https:\/\/tvbrazilusa.com\/pt\/wp-json\/wp\/v2\/posts\/114122\/revisions\/114124"}],"wp:featuredmedia":[{"embeddable":true,"href":"https:\/\/tvbrazilusa.com\/pt\/wp-json\/wp\/v2\/media\/114123"}],"wp:attachment":[{"href":"https:\/\/tvbrazilusa.com\/pt\/wp-json\/wp\/v2\/media?parent=114122"}],"wp:term":[{"taxonomy":"category","embeddable":true,"href":"https:\/\/tvbrazilusa.com\/pt\/wp-json\/wp\/v2\/categories?post=114122"},{"taxonomy":"post_tag","embeddable":true,"href":"https:\/\/tvbrazilusa.com\/pt\/wp-json\/wp\/v2\/tags?post=114122"}],"curies":[{"name":"wp","href":"https:\/\/api.w.org\/{rel}","templated":true}]}}