{"id":114128,"date":"2025-03-26T18:06:21","date_gmt":"2025-03-26T18:06:21","guid":{"rendered":"https:\/\/tvbrazilusa.com\/2025\/03\/26\/como-esperado-moraes-aceita-denuncia-contra-7-denunciados\/"},"modified":"2025-03-26T18:06:23","modified_gmt":"2025-03-26T18:06:23","slug":"como-esperado-moraes-aceita-denuncia-contra-7-denunciados","status":"publish","type":"post","link":"https:\/\/tvbrazilusa.com\/pt\/2025\/03\/26\/como-esperado-moraes-aceita-denuncia-contra-7-denunciados\/","title":{"rendered":"Como esperado, Moraes aceita den\u00fancia contra 7 denunciados"},"content":{"rendered":"<p> <script async src=\"https:\/\/pagead2.googlesyndication.com\/pagead\/js\/adsbygoogle.js?client=ca-pub-8864793242727901\"\r\n     crossorigin=\"anonymous\"><\/script><br \/>\n<\/p>\n<div id=\"taboola-read-more\" style=\"display:block; width:100%\">\n<p>O ministro do Supremo Tribunal Federal (STF), Alexandre de Moraes, votou, nesta quarta-feira (26), para tornar r\u00e9u o ex-presidente Jair Bolsonaro (PL) e os outros sete denunciados.\n<\/p>\n<p>\u00a0<\/p>\n<ul>\n<li>Alexandre Ramagem, deputado federal e ex-diretor-geral da Abin;<\/li>\n<li>Almir Garnier, ex-comandante da Marinha do Brasil;<\/li>\n<li>Anderson Torres, ex-ministro da Justi\u00e7a e ex-secret\u00e1rio de Seguran\u00e7a P\u00fablica do Distrito Federal;<\/li>\n<li>Augusto Heleno, general e ex-ministro do Gabinete de Seguran\u00e7a Institucional (GSI);<\/li>\n<li>Mauro Cid, tenente-coronel do Ex\u00e9rcito e ex-ajudante de ordens de Bolsonaro;<\/li>\n<li>Paulo S\u00e9rgio Nogueira, general e ex-ministro da Defesa;<\/li>\n<li>e Walter Braga Netto, general e ex-ministro da Casa Civil e da Defesa, al\u00e9m de ter sido candidato a vice de Bolsonaro em 2022.<\/li>\n<\/ul>\n<p>\u201cO r\u00e9u Alexandre Ramagem exerce hoje cargo de deputado e parte dos crimes ocorreram ap\u00f3s diploma\u00e7\u00e3o, uma vez recebida a den\u00fancia deve ser oficiada \u00e0 c\u00e2mara somente crimes ap\u00f3s a diploma\u00e7\u00e3o\u201d, observou Moraes.<\/p>\n<p>Em atualiza\u00e7\u00e3o\u2026\n<\/p>\n<p>Fonte: CNN              <\/p>\n<\/div>\n<p><br \/>\n<br \/><a href=\"https:\/\/diariodobrasilnoticias.com.br\/noticia\/moraes-vota-para-tornar-jair-bolsonaro-e-mais-sete-denunciados-reus-67e41418a9ddd\">Source link <\/a><\/p>","protected":false},"excerpt":{"rendered":"<p>O ministro do Supremo Tribunal Federal (STF), Alexandre de Moraes, votou, nesta quarta-feira (26), para tornar r\u00e9u o ex-presidente Jair Bolsonaro (PL) e os outros sete denunciados. \u00a0 Alexandre Ramagem,&hellip;<\/p>","protected":false},"author":1,"featured_media":114129,"comment_status":"closed","ping_status":"open","sticky":false,"template":"","format":"standard","meta":{"content-type":"","footnotes":""},"categories":[16],"tags":[123,2448,5313,1267],"class_list":["post-114128","post","type-post","status-publish","format-standard","has-post-thumbnail","hentry","category-noticias","tag-brasil","tag-diario","tag-noticia","tag-noticias"],"_links":{"self":[{"href":"https:\/\/tvbrazilusa.com\/pt\/wp-json\/wp\/v2\/posts\/114128","targetHints":{"allow":["GET"]}}],"collection":[{"href":"https:\/\/tvbrazilusa.com\/pt\/wp-json\/wp\/v2\/posts"}],"about":[{"href":"https:\/\/tvbrazilusa.com\/pt\/wp-json\/wp\/v2\/types\/post"}],"author":[{"embeddable":true,"href":"https:\/\/tvbrazilusa.com\/pt\/wp-json\/wp\/v2\/users\/1"}],"replies":[{"embeddable":true,"href":"https:\/\/tvbrazilusa.com\/pt\/wp-json\/wp\/v2\/comments?post=114128"}],"version-history":[{"count":1,"href":"https:\/\/tvbrazilusa.com\/pt\/wp-json\/wp\/v2\/posts\/114128\/revisions"}],"predecessor-version":[{"id":114130,"href":"https:\/\/tvbrazilusa.com\/pt\/wp-json\/wp\/v2\/posts\/114128\/revisions\/114130"}],"wp:featuredmedia":[{"embeddable":true,"href":"https:\/\/tvbrazilusa.com\/pt\/wp-json\/wp\/v2\/media\/114129"}],"wp:attachment":[{"href":"https:\/\/tvbrazilusa.com\/pt\/wp-json\/wp\/v2\/media?parent=114128"}],"wp:term":[{"taxonomy":"category","embeddable":true,"href":"https:\/\/tvbrazilusa.com\/pt\/wp-json\/wp\/v2\/categories?post=114128"},{"taxonomy":"post_tag","embeddable":true,"href":"https:\/\/tvbrazilusa.com\/pt\/wp-json\/wp\/v2\/tags?post=114128"}],"curies":[{"name":"wp","href":"https:\/\/api.w.org\/{rel}","templated":true}]}}