{"id":114131,"date":"2025-03-26T18:18:07","date_gmt":"2025-03-26T18:18:07","guid":{"rendered":"https:\/\/tvbrazilusa.com\/2025\/03\/26\/extra-urgente-stf-forma-maioria-para-tornar-reus-bolsonaro-e-mais-7-por-suposta-trama-golpista\/"},"modified":"2025-03-26T18:18:09","modified_gmt":"2025-03-26T18:18:09","slug":"extra-urgente-stf-forma-maioria-para-tornar-reus-bolsonaro-e-mais-7-por-suposta-trama-golpista","status":"publish","type":"post","link":"https:\/\/tvbrazilusa.com\/pt\/2025\/03\/26\/extra-urgente-stf-forma-maioria-para-tornar-reus-bolsonaro-e-mais-7-por-suposta-trama-golpista\/","title":{"rendered":"EXTRA URGENTE: STF forma maioria para tornar r\u00e9us Bolsonaro e mais 7 por suposta trama golpista"},"content":{"rendered":"<p> <script async src=\"https:\/\/pagead2.googlesyndication.com\/pagead\/js\/adsbygoogle.js?client=ca-pub-8864793242727901\"\r\n     crossorigin=\"anonymous\"><\/script><br \/>\n<\/p>\n<div>\n<figure class=\"post-image\">\n<\/figure>\n<p>            <span style=\"font-size: 12px\">Gustavo Moreno\/\/STF\/Reuters<\/span><\/p>\n<p>            <!-- end metas --><br \/>\n            <!-- ADS --><\/p>\n<div id=\"taboola-read-more\" style=\"display:block; width:100%\">\n<p>A Primeira Turma do Supremo Tribunal Federal (STF) formou maioria nesta quarta-feira (26) para tornar o ex-presidente Jair Bolsonaro e mais sete aliados r\u00e9us por suposta tentativa de golpe de Estado em 2022. Tr\u00eas dos cinco ministros j\u00e1 votaram para aceitar a den\u00fancia apresentada pela Procuradoria-Geral da Rep\u00fablica (PGR).<\/p>\n<p>Os votos foram dos ministros Alexandre de Moraes (relator), Fl\u00e1vio Dino e Luiz Fux. Ainda faltam votar Cristiano Zanin e C\u00e1rmen L\u00facia. Se a maioria for confirmada, os acusados passar\u00e3o a responder a um processo penal \u2014 que pode levar a condena\u00e7\u00f5es com penas de pris\u00e3o.<\/p>\n<p>Quem s\u00e3o os denunciados que devem se tornar r\u00e9us:<\/p>\n<p>\u27a1\ufe0fJair Bolsonaro, ex-presidente da Rep\u00fablica;<br \/>\u27a1\ufe0fAlexandre Ramagem, ex-diretor da Abin;<br \/>\u27a1\ufe0fAlmir Garnier, ex-comandante da Marinha;<br \/>\u27a1\ufe0fAnderson Torres, ex-ministro da Justi\u00e7a;<br \/>\u27a1\ufe0fAugusto Heleno, ex-ministro do GSI;<br \/>\u27a1\ufe0fMauro Cid, ex-ajudante de ordens da Presid\u00eancia;<br \/>\u27a1\ufe0fPaulo S\u00e9rgio Nogueira, ex-ministro da Defesa;<br \/>\u27a1\ufe0fBraga Netto, ex-ministro da Casa Civil de Bolsonaro.<\/p>\n<p>Esses oito nomes comp\u00f5em o chamado &#8220;n\u00facleo crucial&#8221; da tentativa de ruptura democr\u00e1tica, segundo a PGR.<\/p>\n<p>Fonte: g1<\/p>\n<\/p><\/div>\n<p>                        <!-- Scripts para conteudo --><\/p>\n<p>            <!-- .\/Scripts para conteudo --><br \/>\n            <!-- .\/Mat\u00e9ria --><\/p>\n<div class=\"row mt-3\">\n<div class=\"col-sm-6\">\n                <!-- Whatsapp channel 3--><br \/>\n                <a href=\"https:\/\/chat.whatsapp.com\/B8Qy6Erx4kb6yTzj3kaDco\" target=\"_blank\"><br \/>\n                  <img decoding=\"async\" src=\"https:\/\/diariodobrasilnoticias.com.br\/assets-site\/images\/bot_whatsapp.png\"\/><\/a>\n              <\/div>\n<div class=\"col-sm-6\">\n                <a href=\"https:\/\/t.me\/+_4gTmi5LKo03OTM5\" target=\"_blank\"><br \/>\n                  <img decoding=\"async\" src=\"https:\/\/diariodobrasilnoticias.com.br\/assets-site\/images\/bot_telegram.png\"\/><\/a>\n              <\/div>\n<\/p><\/div>\n<p>            <!-- end post-navigation --><\/p>\n<p>              <!-- end row --><\/p>\n<p>              <!-- end col-12-->\n                      <\/div>\n<p><br \/>\n<br \/><a href=\"https:\/\/diariodobrasilnoticias.com.br\/noticia\/extra-urgente-stf-forma-maioria-para-tornar-reus-bolsonaro-e-mais-7-por-suposta-trama-golpista-67e41e8fc7d26\">Source link <\/a><\/p>","protected":false},"excerpt":{"rendered":"<p>Gustavo Moreno\/\/STF\/Reuters A Primeira Turma do Supremo Tribunal Federal (STF) formou maioria nesta quarta-feira (26) para tornar o ex-presidente Jair Bolsonaro e mais sete aliados r\u00e9us por suposta tentativa de&hellip;<\/p>","protected":false},"author":1,"featured_media":114132,"comment_status":"closed","ping_status":"open","sticky":false,"template":"","format":"standard","meta":{"content-type":"","footnotes":""},"categories":[16],"tags":[123,2448,5313,1267],"class_list":["post-114131","post","type-post","status-publish","format-standard","has-post-thumbnail","hentry","category-noticias","tag-brasil","tag-diario","tag-noticia","tag-noticias"],"_links":{"self":[{"href":"https:\/\/tvbrazilusa.com\/pt\/wp-json\/wp\/v2\/posts\/114131","targetHints":{"allow":["GET"]}}],"collection":[{"href":"https:\/\/tvbrazilusa.com\/pt\/wp-json\/wp\/v2\/posts"}],"about":[{"href":"https:\/\/tvbrazilusa.com\/pt\/wp-json\/wp\/v2\/types\/post"}],"author":[{"embeddable":true,"href":"https:\/\/tvbrazilusa.com\/pt\/wp-json\/wp\/v2\/users\/1"}],"replies":[{"embeddable":true,"href":"https:\/\/tvbrazilusa.com\/pt\/wp-json\/wp\/v2\/comments?post=114131"}],"version-history":[{"count":1,"href":"https:\/\/tvbrazilusa.com\/pt\/wp-json\/wp\/v2\/posts\/114131\/revisions"}],"predecessor-version":[{"id":114133,"href":"https:\/\/tvbrazilusa.com\/pt\/wp-json\/wp\/v2\/posts\/114131\/revisions\/114133"}],"wp:featuredmedia":[{"embeddable":true,"href":"https:\/\/tvbrazilusa.com\/pt\/wp-json\/wp\/v2\/media\/114132"}],"wp:attachment":[{"href":"https:\/\/tvbrazilusa.com\/pt\/wp-json\/wp\/v2\/media?parent=114131"}],"wp:term":[{"taxonomy":"category","embeddable":true,"href":"https:\/\/tvbrazilusa.com\/pt\/wp-json\/wp\/v2\/categories?post=114131"},{"taxonomy":"post_tag","embeddable":true,"href":"https:\/\/tvbrazilusa.com\/pt\/wp-json\/wp\/v2\/tags?post=114131"}],"curies":[{"name":"wp","href":"https:\/\/api.w.org\/{rel}","templated":true}]}}