{"id":114137,"date":"2025-03-26T18:44:00","date_gmt":"2025-03-26T18:44:00","guid":{"rendered":"https:\/\/tvbrazilusa.com\/2025\/03\/26\/urgente-fux-diz-que-fara-revisao-de-pena-no-caso-debora-e-que-stf-julga-8-1-sob-violenta-emocao\/"},"modified":"2025-03-26T18:44:07","modified_gmt":"2025-03-26T18:44:07","slug":"urgente-fux-diz-que-fara-revisao-de-pena-no-caso-debora-e-que-stf-julga-8-1-sob-violenta-emocao","status":"publish","type":"post","link":"https:\/\/tvbrazilusa.com\/pt\/2025\/03\/26\/urgente-fux-diz-que-fara-revisao-de-pena-no-caso-debora-e-que-stf-julga-8-1-sob-violenta-emocao\/","title":{"rendered":"URGENTE: Fux diz que far\u00e1 revis\u00e3o de pena no caso D\u00e9bora e que STF julga 8\/1 sob violenta emo\u00e7\u00e3o"},"content":{"rendered":"<p> <script async src=\"https:\/\/pagead2.googlesyndication.com\/pagead\/js\/adsbygoogle.js?client=ca-pub-8864793242727901\"\r\n     crossorigin=\"anonymous\"><\/script><br \/>\n<\/p>\n<div id=\"taboola-read-more\" style=\"display:block; width:100%\">\n<p>O ministro Luiz Fux, do STF (Supremo Tribunal Federal), afirmou nesta quarta-feira (26) estar preocupado com a quest\u00e3o da dosimetria das penas impostas pela corte aos r\u00e9us no caso dos ataques do 8 de janeiro de 2023, ou seja, quanto tempo cada acusado pode enfrentar caso seja condenado.\n<\/p>\n<p>&#8220;Eu tenho que fazer uma revis\u00e3o dessa dosimetria, porque se a dosimetria \u00e9 inaugurada pelo legislador, a fixa\u00e7\u00e3o da pena \u00e9 do magistrado&#8221;, disse em rela\u00e7\u00e3o \u00e0 iniciativa de suspender, por interm\u00e9dio de um pedido de vista (mais tempo para estudar o caso), o julgamento da cabeleireira D\u00e9bora Rodrigues dos Santos, que pichou &#8220;perdeu, man\u00e9&#8221; na est\u00e1tua &#8220;A Justi\u00e7a&#8221;.<\/p>\n<p>&#8220;Debaixo da toga bate o cora\u00e7\u00e3o de um homem, ent\u00e3o \u00e9 preciso que n\u00f3s tamb\u00e9m tenhamos essa capacidade de refletir.&#8221;\n<\/p>\n<p>Ap\u00f3s essa interven\u00e7\u00e3o, Fux acompanhou o entendimento do ministro Alexandre de Moraes (relator) na an\u00e1lise da den\u00fancia da PGR (Procuradoria-Geral da Rep\u00fablica) sobre a trama golpista e votou para tornar r\u00e9us o ex-presidente Jair Bolsonaro (PL) e outros sete acusados.\n<\/p>\n<p>D\u00e9bora Santos pichou a est\u00e1tua &#8220;A Justi\u00e7a&#8221; com os dizeres &#8220;perdeu, man\u00e9&#8221; e est\u00e1 sendo julgada por aboli\u00e7\u00e3o violenta do Estado democr\u00e1tico de Direito, golpe de Estado, dano qualificado, deteriora\u00e7\u00e3o de patrim\u00f4nio tombado e associa\u00e7\u00e3o criminosa armada.\n<\/p>\n<p>Ap\u00f3s a fala de Fux, Moraes rebateu os argumentos do colega. &#8220;Houve toda uma manifesta\u00e7\u00e3o anterior de aderir a uma tentativa de golpe de Estado&#8221;, disse Moraes, pedindo para o colega se ater ao factual. O relator do caso disse ainda que a dose das penas podem ser debatidas e que o ministro Cristiano Zanin normalmente diverge dele, mas n\u00e3o dos fatos.<\/p>\n<p>Fonte: Folha de S. Paulo              <\/p>\n<\/div>\n<p><br \/>\n<br \/><a href=\"https:\/\/diariodobrasilnoticias.com.br\/noticia\/urgente-fux-diz-que-fara-revisao-de-pena-no-caso-debora-e-que-stf-julga-8-1-sob-violenta-emocao-67e43394b2f99\">Source link <\/a><\/p>","protected":false},"excerpt":{"rendered":"<p>O ministro Luiz Fux, do STF (Supremo Tribunal Federal), afirmou nesta quarta-feira (26) estar preocupado com a quest\u00e3o da dosimetria das penas impostas pela corte aos r\u00e9us no caso dos&hellip;<\/p>","protected":false},"author":1,"featured_media":114138,"comment_status":"closed","ping_status":"open","sticky":false,"template":"","format":"standard","meta":{"content-type":"","footnotes":""},"categories":[16],"tags":[123,2448,5313,1267],"class_list":["post-114137","post","type-post","status-publish","format-standard","has-post-thumbnail","hentry","category-noticias","tag-brasil","tag-diario","tag-noticia","tag-noticias"],"_links":{"self":[{"href":"https:\/\/tvbrazilusa.com\/pt\/wp-json\/wp\/v2\/posts\/114137","targetHints":{"allow":["GET"]}}],"collection":[{"href":"https:\/\/tvbrazilusa.com\/pt\/wp-json\/wp\/v2\/posts"}],"about":[{"href":"https:\/\/tvbrazilusa.com\/pt\/wp-json\/wp\/v2\/types\/post"}],"author":[{"embeddable":true,"href":"https:\/\/tvbrazilusa.com\/pt\/wp-json\/wp\/v2\/users\/1"}],"replies":[{"embeddable":true,"href":"https:\/\/tvbrazilusa.com\/pt\/wp-json\/wp\/v2\/comments?post=114137"}],"version-history":[{"count":1,"href":"https:\/\/tvbrazilusa.com\/pt\/wp-json\/wp\/v2\/posts\/114137\/revisions"}],"predecessor-version":[{"id":114139,"href":"https:\/\/tvbrazilusa.com\/pt\/wp-json\/wp\/v2\/posts\/114137\/revisions\/114139"}],"wp:featuredmedia":[{"embeddable":true,"href":"https:\/\/tvbrazilusa.com\/pt\/wp-json\/wp\/v2\/media\/114138"}],"wp:attachment":[{"href":"https:\/\/tvbrazilusa.com\/pt\/wp-json\/wp\/v2\/media?parent=114137"}],"wp:term":[{"taxonomy":"category","embeddable":true,"href":"https:\/\/tvbrazilusa.com\/pt\/wp-json\/wp\/v2\/categories?post=114137"},{"taxonomy":"post_tag","embeddable":true,"href":"https:\/\/tvbrazilusa.com\/pt\/wp-json\/wp\/v2\/tags?post=114137"}],"curies":[{"name":"wp","href":"https:\/\/api.w.org\/{rel}","templated":true}]}}