{"id":114148,"date":"2025-03-26T19:13:20","date_gmt":"2025-03-26T19:13:20","guid":{"rendered":"https:\/\/tvbrazilusa.com\/2025\/03\/26\/lula-no-japao-embraer-assina-venda-de-15-jatos-para-empresa-japonesa\/"},"modified":"2025-03-26T19:13:22","modified_gmt":"2025-03-26T19:13:22","slug":"lula-no-japao-embraer-assina-venda-de-15-jatos-para-empresa-japonesa","status":"publish","type":"post","link":"https:\/\/tvbrazilusa.com\/pt\/2025\/03\/26\/lula-no-japao-embraer-assina-venda-de-15-jatos-para-empresa-japonesa\/","title":{"rendered":"Lula no Jap\u00e3o: Embraer assina venda de 15 jatos para empresa japonesa"},"content":{"rendered":"<p> <script async src=\"https:\/\/pagead2.googlesyndication.com\/pagead\/js\/adsbygoogle.js?client=ca-pub-8864793242727901\"\r\n     crossorigin=\"anonymous\"><\/script><br \/>\n<\/p>\n<div id=\"taboola-read-more\" style=\"display:block; width:100%\">\n<p>O governo brasileiro anunciou a venda de 15 jatos modelo E-190 da Embraer para a companhia a\u00e9rea japonesa All Nippon Airways (ANA). O contrato foi fechado durante a visita da comitiva brasileira ao Jap\u00e3o, comandada pelo presidente Luiz In\u00e1cio Lula da Silva, e prev\u00ea a possibilidade de aquisi\u00e7\u00e3o de mais cinco aeronaves.\n<\/p>\n<p>Segundo o ministro de Portos e Aeroportos, Silvio Costa Filho, o acordo gira em torno de cerca de R$ 10 bilh\u00f5es em investimentos. \u201cSignifica o equivalente a quase 10 bilh\u00f5es de reais em investimentos que a companhia a\u00e9rea japonesa est\u00e1 fazendo na Embraer. Esse trabalho comercial que est\u00e1 sendo feito hoje, do governo do presidente Lula com a Embraer, tem sido importante e estrat\u00e9gico para o desenvolvimento da avia\u00e7\u00e3o brasileira\u201d, afirmou o titular da pasta.<\/p>\n<p>Costa Filho tamb\u00e9m disse que o governo negocia para que o setor de avia\u00e7\u00e3o japon\u00eas passe a utilizar o Combust\u00edvel Sustent\u00e1vel de Avia\u00e7\u00e3o (SAF), apelidado de \u201cCombust\u00edvel do Futuro\u201d em suas opera\u00e7\u00f5es. Trata-se de um produto sustent\u00e1vel, alternativo ao combust\u00edvel de origem f\u00f3ssil tradicionalmente usado na avia\u00e7\u00e3o.\n<\/p>\n<p>\u201cAs companhias a\u00e9reas japonesas t\u00eam total interesse em poder voar atrav\u00e9s do SAF e o Brasil tende a ser, no futuro, um grande exportador desse combust\u00edvel\u201d, destacou.\n<\/p>\n<p>Al\u00e9m disso, o ministro afirmou que o governo pretende rediscutir um acordo de coopera\u00e7\u00e3o da d\u00e9cada de 60 para ampliar a presen\u00e7a de companhias japonesas no Brasil.\n<\/p>\n<p>\u201cH\u00e1 14 anos que n\u00e3o h\u00e1 voos diretos do Jap\u00e3o para o Brasil e n\u00f3s queremos cada vez mais ampliar essas rotas de voos de avi\u00f5es japoneses, voando para o Brasil\u201d, pontuou Silvio Costa Filho.\n<\/p>\n<p>Fonte: Metr\u00f3poles              <\/p>\n<\/div>\n<p><br \/>\n<br \/><a href=\"https:\/\/diariodobrasilnoticias.com.br\/noticia\/lula-no-japao-embraer-assina-venda-de-15-jatos-para-empresa-japonesa-67e43de2947ca\">Source link <\/a><\/p>","protected":false},"excerpt":{"rendered":"<p>O governo brasileiro anunciou a venda de 15 jatos modelo E-190 da Embraer para a companhia a\u00e9rea japonesa All Nippon Airways (ANA). O contrato foi fechado durante a visita da&hellip;<\/p>","protected":false},"author":1,"featured_media":114149,"comment_status":"closed","ping_status":"open","sticky":false,"template":"","format":"standard","meta":{"content-type":"","footnotes":""},"categories":[16],"tags":[123,2448,5313,1267],"class_list":["post-114148","post","type-post","status-publish","format-standard","has-post-thumbnail","hentry","category-noticias","tag-brasil","tag-diario","tag-noticia","tag-noticias"],"_links":{"self":[{"href":"https:\/\/tvbrazilusa.com\/pt\/wp-json\/wp\/v2\/posts\/114148","targetHints":{"allow":["GET"]}}],"collection":[{"href":"https:\/\/tvbrazilusa.com\/pt\/wp-json\/wp\/v2\/posts"}],"about":[{"href":"https:\/\/tvbrazilusa.com\/pt\/wp-json\/wp\/v2\/types\/post"}],"author":[{"embeddable":true,"href":"https:\/\/tvbrazilusa.com\/pt\/wp-json\/wp\/v2\/users\/1"}],"replies":[{"embeddable":true,"href":"https:\/\/tvbrazilusa.com\/pt\/wp-json\/wp\/v2\/comments?post=114148"}],"version-history":[{"count":1,"href":"https:\/\/tvbrazilusa.com\/pt\/wp-json\/wp\/v2\/posts\/114148\/revisions"}],"predecessor-version":[{"id":114150,"href":"https:\/\/tvbrazilusa.com\/pt\/wp-json\/wp\/v2\/posts\/114148\/revisions\/114150"}],"wp:featuredmedia":[{"embeddable":true,"href":"https:\/\/tvbrazilusa.com\/pt\/wp-json\/wp\/v2\/media\/114149"}],"wp:attachment":[{"href":"https:\/\/tvbrazilusa.com\/pt\/wp-json\/wp\/v2\/media?parent=114148"}],"wp:term":[{"taxonomy":"category","embeddable":true,"href":"https:\/\/tvbrazilusa.com\/pt\/wp-json\/wp\/v2\/categories?post=114148"},{"taxonomy":"post_tag","embeddable":true,"href":"https:\/\/tvbrazilusa.com\/pt\/wp-json\/wp\/v2\/tags?post=114148"}],"curies":[{"name":"wp","href":"https:\/\/api.w.org\/{rel}","templated":true}]}}