{"id":114151,"date":"2025-03-26T19:24:37","date_gmt":"2025-03-26T19:24:37","guid":{"rendered":"https:\/\/tvbrazilusa.com\/2025\/03\/26\/bebe-sequestrada-e-levada-recem-nascida-para-portugal-e-repatriada\/"},"modified":"2025-03-26T19:24:41","modified_gmt":"2025-03-26T19:24:41","slug":"bebe-sequestrada-e-levada-recem-nascida-para-portugal-e-repatriada","status":"publish","type":"post","link":"https:\/\/tvbrazilusa.com\/pt\/2025\/03\/26\/bebe-sequestrada-e-levada-recem-nascida-para-portugal-e-repatriada\/","title":{"rendered":"Beb\u00ea sequestrada e levada rec\u00e9m-nascida para Portugal \u00e9 repatriada"},"content":{"rendered":"<p> <script async src=\"https:\/\/pagead2.googlesyndication.com\/pagead\/js\/adsbygoogle.js?client=ca-pub-8864793242727901\"\r\n     crossorigin=\"anonymous\"><\/script><br \/>\n<\/p>\n<div id=\"taboola-read-more\" style=\"display:block; width:100%\">\n<p>A Pol\u00edcia Federal repatriou hoje uma beb\u00ea brasileira v\u00edtima de tr\u00e1fico internacional de pessoas. Ela havia sido sequestrada e levada para Portugal rec\u00e9m-nascida, em novembro de 2023.\n<\/p>\n<p><strong>O que aconteceu?<\/strong><br \/>A crian\u00e7a nasceu em Valinhos (SP), e foi levada dias depois para Portugal por um homem portugu\u00eas, que registrou a crian\u00e7a como sua filha. Menos de um m\u00eas ap\u00f3s levar a crian\u00e7a, o mesmo homem tentou registrar outra crian\u00e7a, de outra m\u00e3e, tamb\u00e9m nascida na Santa Casa de Valinhos.<\/p>\n<p>Segundo o Minist\u00e9rio P\u00fablico do Estado de S\u00e3o Paulo (MP-SP), o homem afirmou \u00e0 equipe m\u00e9dica que ficaria com a guarda dos beb\u00eas, alegando que as m\u00e3es n\u00e3o tinham interesse em cuidar deles. Ele acabou sendo preso pela Pol\u00edcia Federal em dezembro de 2023 por tr\u00e1fico internacional de crian\u00e7as.\n<\/p>\n<p>A beb\u00ea levada para Portugal foi encontrada pela Pol\u00edcia Judici\u00e1ria do pa\u00eds em Valongo, na regi\u00e3o do Porto, em dezembro de 2023. Desde ent\u00e3o, a crian\u00e7a esteve com uma fam\u00edlia acolhedora, e permaneceu at\u00e9 se confirmar que, de fato, n\u00e3o se tratava de uma crian\u00e7a portuguesa, uma vez que os registros haviam sido falsificados em rela\u00e7\u00e3o \u00e0 nacionalidade e naturalidade.\n<\/p>\n<p>Hoje, com 1 ano e 4 meses, a crian\u00e7a retornou ao Brasil. Segundo a PF, o resgate e a repatria\u00e7\u00e3o da beb\u00ea s\u00f3 aconteceram em virtude da a\u00e7\u00e3o conjunta de diferentes \u00f3rg\u00e3os p\u00fablicos e entidades privadas nos dois pa\u00edses.\n<\/p>\n<p>A repatria\u00e7\u00e3o ocorreu ap\u00f3s uma coopera\u00e7\u00e3o jur\u00eddica internacional, provocada pelo Minist\u00e9rio P\u00fablico Federal de Campinas. Ap\u00f3s ser confirmada a nacionalidade brasileira, foi expedida uma ordem judicial portuguesa que reconheceu a necessidade de repatria\u00e7\u00e3o para o Brasil.\n<\/p>\n<p>Agentes da Pol\u00edcia Federal do Brasil foram respons\u00e1veis por cuidar da crian\u00e7a durante o deslocamento. No Brasil, a beb\u00ea foi entregue aos cuidados de uma institui\u00e7\u00e3o que promove acolhimento familiar, conforme estabelecido pela Justi\u00e7a. A fam\u00edlia acolhedora em Portugal j\u00e1 est\u00e1 em contato com a fam\u00edlia acolhedora no Brasil para compartilhar informa\u00e7\u00f5es essenciais para ser realizada uma transi\u00e7\u00e3o cuidadosa.\n<\/p>\n<p>Segundo a PF, o resgate seguiu o Protocolo de Palermo, marco internacional que consolida e orienta a estrat\u00e9gia global de preven\u00e7\u00e3o, repress\u00e3o e puni\u00e7\u00e3o do tr\u00e1fico de pessoas.\n<\/p>\n<p>Fonte: Uol Not\u00edcias              <\/p>\n<\/div>\n<p><br \/>\n<br \/><a href=\"https:\/\/diariodobrasilnoticias.com.br\/noticia\/bebe-sequestrada-e-levada-recem-nascida-para-portugal-e-repatriada-67e43faaa5483\">Source link <\/a><\/p>","protected":false},"excerpt":{"rendered":"<p>A Pol\u00edcia Federal repatriou hoje uma beb\u00ea brasileira v\u00edtima de tr\u00e1fico internacional de pessoas. Ela havia sido sequestrada e levada para Portugal rec\u00e9m-nascida, em novembro de 2023. O que aconteceu?A&hellip;<\/p>","protected":false},"author":1,"featured_media":114152,"comment_status":"closed","ping_status":"open","sticky":false,"template":"","format":"standard","meta":{"content-type":"","footnotes":""},"categories":[16],"tags":[123,2448,5313,1267],"class_list":["post-114151","post","type-post","status-publish","format-standard","has-post-thumbnail","hentry","category-noticias","tag-brasil","tag-diario","tag-noticia","tag-noticias"],"_links":{"self":[{"href":"https:\/\/tvbrazilusa.com\/pt\/wp-json\/wp\/v2\/posts\/114151","targetHints":{"allow":["GET"]}}],"collection":[{"href":"https:\/\/tvbrazilusa.com\/pt\/wp-json\/wp\/v2\/posts"}],"about":[{"href":"https:\/\/tvbrazilusa.com\/pt\/wp-json\/wp\/v2\/types\/post"}],"author":[{"embeddable":true,"href":"https:\/\/tvbrazilusa.com\/pt\/wp-json\/wp\/v2\/users\/1"}],"replies":[{"embeddable":true,"href":"https:\/\/tvbrazilusa.com\/pt\/wp-json\/wp\/v2\/comments?post=114151"}],"version-history":[{"count":1,"href":"https:\/\/tvbrazilusa.com\/pt\/wp-json\/wp\/v2\/posts\/114151\/revisions"}],"predecessor-version":[{"id":114153,"href":"https:\/\/tvbrazilusa.com\/pt\/wp-json\/wp\/v2\/posts\/114151\/revisions\/114153"}],"wp:featuredmedia":[{"embeddable":true,"href":"https:\/\/tvbrazilusa.com\/pt\/wp-json\/wp\/v2\/media\/114152"}],"wp:attachment":[{"href":"https:\/\/tvbrazilusa.com\/pt\/wp-json\/wp\/v2\/media?parent=114151"}],"wp:term":[{"taxonomy":"category","embeddable":true,"href":"https:\/\/tvbrazilusa.com\/pt\/wp-json\/wp\/v2\/categories?post=114151"},{"taxonomy":"post_tag","embeddable":true,"href":"https:\/\/tvbrazilusa.com\/pt\/wp-json\/wp\/v2\/tags?post=114151"}],"curies":[{"name":"wp","href":"https:\/\/api.w.org\/{rel}","templated":true}]}}