{"id":114154,"date":"2025-03-26T19:35:58","date_gmt":"2025-03-26T19:35:58","guid":{"rendered":"https:\/\/tvbrazilusa.com\/2025\/03\/26\/apos-moto-ser-apreendida-pai-e-filho-ateiam-fogo-em-caminhao-da-prf\/"},"modified":"2025-03-26T19:36:01","modified_gmt":"2025-03-26T19:36:01","slug":"apos-moto-ser-apreendida-pai-e-filho-ateiam-fogo-em-caminhao-da-prf","status":"publish","type":"post","link":"https:\/\/tvbrazilusa.com\/pt\/2025\/03\/26\/apos-moto-ser-apreendida-pai-e-filho-ateiam-fogo-em-caminhao-da-prf\/","title":{"rendered":"Ap\u00f3s moto ser apreendida, pai e filho ateiam fogo em caminh\u00e3o da PRF"},"content":{"rendered":"<p> <script async src=\"https:\/\/pagead2.googlesyndication.com\/pagead\/js\/adsbygoogle.js?client=ca-pub-8864793242727901\"\r\n     crossorigin=\"anonymous\"><\/script><br \/>\n<\/p>\n<div>\n<figure class=\"post-image\">\n<\/figure>\n<p>            <span style=\"font-size: 12px\">Reprodu\u00e7\u00e3o\/Plant\u00e3o News<\/span><\/p>\n<p>            <!-- end metas --><br \/>\n            <!-- ADS --><\/p>\n<div id=\"taboola-read-more\" style=\"display:block; width:100%\">\n<p>Dois homens \u2013 pai e filho \u2013 foram presos ap\u00f3s incendiarem um caminh\u00e3o-guincho da Pol\u00edcia Rodovi\u00e1ria Federal (PRF) na tarde desta ter\u00e7a-feira (25), em Araripina (PE), cidade localizada no Sert\u00e3o do Araripe. Conforme apurado pela CNN, um dos suspeitos teria se revoltado ap\u00f3s ter sua motocicleta apreendida pela corpora\u00e7\u00e3o e, por isso, ateou fogo no ve\u00edculo.\n<\/p>\n<p>O caso ocorreu em frente \u00e0 Delegacia de Pol\u00edcia Civil da cidade. De acordo com a PRF, o caminh\u00e3o-guincho transportava motocicletas em condi\u00e7\u00e3o irregular que haviam sido apreendidas, quando pai e filho decidiram incendiar o ve\u00edculo. A corpora\u00e7\u00e3o disse que a moto apreendida pertencia ao pai.<\/p>\n<p>Ap\u00f3s o crime, os suspeitos, de 26 e 56 anos, tentaram fugir do local, mas foram presos em flagrante por agentes da Pol\u00edcia Civil e da PRF. O Corpo de Bombeiros foi acionado e conteve as chamas, evitando que o fogo se alastrasse para \u00e1reas pr\u00f3ximas. Ningu\u00e9m ficou ferido.A Pol\u00edcia Militar auxiliou na ocorr\u00eancia controlando o tumulto que estava se formando no local devido \u00e0s chamas.\n<\/p>\n<p>Os dois foram encaminhados \u00e0 Delegacia da Pol\u00edcia Civil de Araripina e responderam pelos crimes de inc\u00eandio criminoso e dano qualificado.\n<\/p>\n<p>Fonte: CNN Brasil              <\/p>\n<\/div>\n<p>                        <!-- Scripts para conteudo --><\/p>\n<p>            <!-- .\/Scripts para conteudo --><br \/>\n            <!-- .\/Mat\u00e9ria --><\/p>\n<div class=\"row mt-3\">\n<div class=\"col-sm-6\">\n                <!-- Whatsapp channel 3--><br \/>\n                <a href=\"https:\/\/chat.whatsapp.com\/B8Qy6Erx4kb6yTzj3kaDco\" target=\"_blank\"><br \/>\n                  <img decoding=\"async\" src=\"https:\/\/diariodobrasilnoticias.com.br\/assets-site\/images\/bot_whatsapp.png\"\/><\/a>\n              <\/div>\n<div class=\"col-sm-6\">\n                <a href=\"https:\/\/t.me\/+_4gTmi5LKo03OTM5\" target=\"_blank\"><br \/>\n                  <img decoding=\"async\" src=\"https:\/\/diariodobrasilnoticias.com.br\/assets-site\/images\/bot_telegram.png\"\/><\/a>\n              <\/div>\n<\/p><\/div>\n<p>            <!-- end post-navigation --><\/p>\n<p>              <!-- end row --><\/p>\n<p>              <!-- end col-12-->\n                      <\/div>\n<p><br \/>\n<br \/><a href=\"https:\/\/diariodobrasilnoticias.com.br\/noticia\/apos-moto-ser-apreendida-pai-e-filho-ateiam-fogo-em-caminhao-da-prf-67e44025495ba\">Source link <\/a><\/p>","protected":false},"excerpt":{"rendered":"<p>Reprodu\u00e7\u00e3o\/Plant\u00e3o News Dois homens \u2013 pai e filho \u2013 foram presos ap\u00f3s incendiarem um caminh\u00e3o-guincho da Pol\u00edcia Rodovi\u00e1ria Federal (PRF) na tarde desta ter\u00e7a-feira (25), em Araripina (PE), cidade localizada&hellip;<\/p>","protected":false},"author":1,"featured_media":114155,"comment_status":"closed","ping_status":"open","sticky":false,"template":"","format":"standard","meta":{"content-type":"","footnotes":""},"categories":[16],"tags":[123,2448,5313,1267],"class_list":["post-114154","post","type-post","status-publish","format-standard","has-post-thumbnail","hentry","category-noticias","tag-brasil","tag-diario","tag-noticia","tag-noticias"],"_links":{"self":[{"href":"https:\/\/tvbrazilusa.com\/pt\/wp-json\/wp\/v2\/posts\/114154","targetHints":{"allow":["GET"]}}],"collection":[{"href":"https:\/\/tvbrazilusa.com\/pt\/wp-json\/wp\/v2\/posts"}],"about":[{"href":"https:\/\/tvbrazilusa.com\/pt\/wp-json\/wp\/v2\/types\/post"}],"author":[{"embeddable":true,"href":"https:\/\/tvbrazilusa.com\/pt\/wp-json\/wp\/v2\/users\/1"}],"replies":[{"embeddable":true,"href":"https:\/\/tvbrazilusa.com\/pt\/wp-json\/wp\/v2\/comments?post=114154"}],"version-history":[{"count":1,"href":"https:\/\/tvbrazilusa.com\/pt\/wp-json\/wp\/v2\/posts\/114154\/revisions"}],"predecessor-version":[{"id":114156,"href":"https:\/\/tvbrazilusa.com\/pt\/wp-json\/wp\/v2\/posts\/114154\/revisions\/114156"}],"wp:featuredmedia":[{"embeddable":true,"href":"https:\/\/tvbrazilusa.com\/pt\/wp-json\/wp\/v2\/media\/114155"}],"wp:attachment":[{"href":"https:\/\/tvbrazilusa.com\/pt\/wp-json\/wp\/v2\/media?parent=114154"}],"wp:term":[{"taxonomy":"category","embeddable":true,"href":"https:\/\/tvbrazilusa.com\/pt\/wp-json\/wp\/v2\/categories?post=114154"},{"taxonomy":"post_tag","embeddable":true,"href":"https:\/\/tvbrazilusa.com\/pt\/wp-json\/wp\/v2\/tags?post=114154"}],"curies":[{"name":"wp","href":"https:\/\/api.w.org\/{rel}","templated":true}]}}